{"id":11669,"date":"2017-07-14T17:28:49","date_gmt":"2017-07-14T15:28:49","guid":{"rendered":"https:\/\/www.egibide.org\/?p=11669"},"modified":"2018-02-06T17:31:35","modified_gmt":"2018-02-06T16:31:35","slug":"egibiden-esker-onak","status":"publish","type":"post","link":"https:\/\/www.egibide.org\/eu\/egibiden-esker-onak\/","title":{"rendered":"EGIBIDEn Esker Onak"},"content":{"rendered":"<p>Joan den astean, baloriazio eta esker onak EGIBIDEn izan zen Jesus Obreroko Mediatekan. Gure zuzendari nagusia, <strong>Jos\u00e9 Ignacio Eguizabal<\/strong>ek, kurtsoaren balorazioa egin zuen eta ondoren Mila Alvarez de Eulatek, Identitate eta Misioa Zuzendaria, ekintza oso polita egin zuen.<\/p>\n<p>Zorionak mila esker!<\/p>\n<ul>\n<li><strong>Bel\u00e9n Vicente<\/strong><\/li>\n<li><strong>Luis Mari Goicoechea<\/strong><\/li>\n<li><strong>Marisa Ib\u00e1\u00f1ez<\/strong><\/li>\n<li>\u00a0<strong>\u00a0\u00a0\u00a0<a href=\"http:\/\/photos.app.goo.gl\/7on5Q2Xpg1q5o23m2\"> ARGAZKIAK<\/a><\/strong><\/li>\n<\/ul>\n","protected":false},"excerpt":{"rendered":"<p>Joan den astean, baloriazio eta esker onak EGIBIDEn izan zen Jesus Obreroko Mediatekan. Gure zuzendari nagusia, Jos\u00e9 Ignacio Eguizabalek, kurtsoaren balorazioa egin zuen eta ondoren Mila Alvarez de Eulatek, Identitate eta Misioa Zuzendaria, ekintza oso polita egin zuen. Zorionak mila esker! Bel\u00e9n Vicente Luis Mari Goicoechea Marisa Ib\u00e1\u00f1ez \u00a0\u00a0\u00a0\u00a0 ARGAZKIAK<\/p>\n","protected":false},"author":33,"featured_media":11666,"comment_status":"closed","ping_status":"closed","sticky":false,"template":"","format":"standard","meta":{"_acf_changed":false,"footnotes":""},"categories":[2],"tags":[],"class_list":["post-11669","post","type-post","status-publish","format-standard","has-post-thumbnail","hentry","category-general-eu"],"acf":{"crea_menu_visual_oferta_educativa":null},"yoast_head":"<!-- This site is optimized with the Yoast SEO plugin v27.0 - https:\/\/yoast.com\/product\/yoast-seo-wordpress\/ -->\n<title>EGIBIDEn Esker Onak - egibide.org<\/title>\n<meta name=\"robots\" content=\"index, follow, max-snippet:-1, max-image-preview:large, max-video-preview:-1\" \/>\n<link rel=\"canonical\" href=\"https:\/\/www.egibide.org\/eu\/egibiden-esker-onak\/\" \/>\n<meta property=\"og:locale\" content=\"eu_ES\" \/>\n<meta property=\"og:type\" content=\"article\" \/>\n<meta property=\"og:title\" content=\"EGIBIDEn Esker Onak - egibide.org\" \/>\n<meta property=\"og:description\" content=\"Joan den astean, baloriazio eta esker onak EGIBIDEn izan zen Jesus Obreroko Mediatekan. Gure zuzendari nagusia, Jos\u00e9 Ignacio Eguizabalek, kurtsoaren balorazioa egin zuen eta ondoren Mila Alvarez de Eulatek, Identitate eta Misioa Zuzendaria, ekintza oso polita egin zuen. Zorionak mila esker! Bel\u00e9n Vicente Luis Mari Goicoechea Marisa Ib\u00e1\u00f1ez \u00a0\u00a0\u00a0\u00a0 ARGAZKIAK\" \/>\n<meta property=\"og:url\" content=\"https:\/\/www.egibide.org\/eu\/egibiden-esker-onak\/\" \/>\n<meta property=\"og:site_name\" content=\"egibide.org\" \/>\n<meta property=\"article:publisher\" content=\"https:\/\/www.facebook.com\/Egibide\/\" \/>\n<meta property=\"article:published_time\" content=\"2017-07-14T15:28:49+00:00\" \/>\n<meta property=\"article:modified_time\" content=\"2018-02-06T16:31:35+00:00\" \/>\n<meta property=\"og:image\" content=\"https:\/\/www.egibide.org\/file\/2018\/02\/reconocimientos.jpg\" \/>\n\t<meta property=\"og:image:width\" content=\"440\" \/>\n\t<meta property=\"og:image:height\" content=\"330\" \/>\n\t<meta property=\"og:image:type\" content=\"image\/jpeg\" \/>\n<meta name=\"author\" content=\"Astudillo\" \/>\n<script type=\"application\/ld+json\" class=\"yoast-schema-graph\">{\"@context\":\"https:\/\/schema.org\",\"@graph\":[{\"@type\":\"Article\",\"@id\":\"https:\/\/www.egibide.org\/eu\/egibiden-esker-onak\/#article\",\"isPartOf\":{\"@id\":\"https:\/\/www.egibide.org\/eu\/egibiden-esker-onak\/\"},\"author\":{\"name\":\"Astudillo\",\"@id\":\"https:\/\/www.egibide.org\/#\/schema\/person\/b2da98aa1612684f4661dcc6a622600d\"},\"headline\":\"EGIBIDEn Esker Onak\",\"datePublished\":\"2017-07-14T15:28:49+00:00\",\"dateModified\":\"2018-02-06T16:31:35+00:00\",\"mainEntityOfPage\":{\"@id\":\"https:\/\/www.egibide.org\/eu\/egibiden-esker-onak\/\"},\"wordCount\":54,\"publisher\":{\"@id\":\"https:\/\/www.egibide.org\/#organization\"},\"image\":{\"@id\":\"https:\/\/www.egibide.org\/eu\/egibiden-esker-onak\/#primaryimage\"},\"thumbnailUrl\":\"https:\/\/www.egibide.org\/file\/2018\/02\/reconocimientos.jpg\",\"articleSection\":[\"General\"],\"inLanguage\":\"eu-ES\"},{\"@type\":\"WebPage\",\"@id\":\"https:\/\/www.egibide.org\/eu\/egibiden-esker-onak\/\",\"url\":\"https:\/\/www.egibide.org\/eu\/egibiden-esker-onak\/\",\"name\":\"EGIBIDEn Esker Onak - egibide.org\",\"isPartOf\":{\"@id\":\"https:\/\/www.egibide.org\/#website\"},\"primaryImageOfPage\":{\"@id\":\"https:\/\/www.egibide.org\/eu\/egibiden-esker-onak\/#primaryimage\"},\"image\":{\"@id\":\"https:\/\/www.egibide.org\/eu\/egibiden-esker-onak\/#primaryimage\"},\"thumbnailUrl\":\"https:\/\/www.egibide.org\/file\/2018\/02\/reconocimientos.jpg\",\"datePublished\":\"2017-07-14T15:28:49+00:00\",\"dateModified\":\"2018-02-06T16:31:35+00:00\",\"inLanguage\":\"eu-ES\",\"potentialAction\":[{\"@type\":\"ReadAction\",\"target\":[\"https:\/\/www.egibide.org\/eu\/egibiden-esker-onak\/\"]}]},{\"@type\":\"ImageObject\",\"inLanguage\":\"eu-ES\",\"@id\":\"https:\/\/www.egibide.org\/eu\/egibiden-esker-onak\/#primaryimage\",\"url\":\"https:\/\/www.egibide.org\/file\/2018\/02\/reconocimientos.jpg\",\"contentUrl\":\"https:\/\/www.egibide.org\/file\/2018\/02\/reconocimientos.jpg\",\"width\":440,\"height\":330},{\"@type\":\"WebSite\",\"@id\":\"https:\/\/www.egibide.org\/#website\",\"url\":\"https:\/\/www.egibide.org\/\",\"name\":\"egibide.org\",\"description\":\"Educaci\u00f3n Secundaria y Formaci\u00f3n Profesional\",\"publisher\":{\"@id\":\"https:\/\/www.egibide.org\/#organization\"},\"potentialAction\":[{\"@type\":\"SearchAction\",\"target\":{\"@type\":\"EntryPoint\",\"urlTemplate\":\"https:\/\/www.egibide.org\/?s={search_term_string}\"},\"query-input\":{\"@type\":\"PropertyValueSpecification\",\"valueRequired\":true,\"valueName\":\"search_term_string\"}}],\"inLanguage\":\"eu-ES\"},{\"@type\":\"Organization\",\"@id\":\"https:\/\/www.egibide.org\/#organization\",\"name\":\"Egibide\",\"url\":\"https:\/\/www.egibide.org\/\",\"logo\":{\"@type\":\"ImageObject\",\"inLanguage\":\"eu-ES\",\"@id\":\"https:\/\/www.egibide.org\/#\/schema\/logo\/image\/\",\"url\":\"https:\/\/www.egibide.org\/file\/2019\/07\/logo_egibide_cuadrado-copia.jpg\",\"contentUrl\":\"https:\/\/www.egibide.org\/file\/2019\/07\/logo_egibide_cuadrado-copia.jpg\",\"width\":1696,\"height\":701,\"caption\":\"Egibide\"},\"image\":{\"@id\":\"https:\/\/www.egibide.org\/#\/schema\/logo\/image\/\"},\"sameAs\":[\"https:\/\/www.facebook.com\/Egibide\/\",\"https:\/\/x.com\/egibide\",\"https:\/\/www.youtube.com\/user\/Egibide\"]},{\"@type\":\"Person\",\"@id\":\"https:\/\/www.egibide.org\/#\/schema\/person\/b2da98aa1612684f4661dcc6a622600d\",\"name\":\"Astudillo\",\"image\":{\"@type\":\"ImageObject\",\"inLanguage\":\"eu-ES\",\"@id\":\"https:\/\/www.egibide.org\/#\/schema\/person\/image\/\",\"url\":\"https:\/\/secure.gravatar.com\/avatar\/62ebe61dcf1f77e9263c959811c3d1419699e94afb2bbdf66a84082be77a2071?s=96&d=mm&r=g\",\"contentUrl\":\"https:\/\/secure.gravatar.com\/avatar\/62ebe61dcf1f77e9263c959811c3d1419699e94afb2bbdf66a84082be77a2071?s=96&d=mm&r=g\",\"caption\":\"Astudillo\"}}]}<\/script>\n<!-- \/ Yoast SEO plugin. -->","yoast_head_json":{"title":"EGIBIDEn Esker Onak - egibide.org","robots":{"index":"index","follow":"follow","max-snippet":"max-snippet:-1","max-image-preview":"max-image-preview:large","max-video-preview":"max-video-preview:-1"},"canonical":"https:\/\/www.egibide.org\/eu\/egibiden-esker-onak\/","og_locale":"eu_ES","og_type":"article","og_title":"EGIBIDEn Esker Onak - egibide.org","og_description":"Joan den astean, baloriazio eta esker onak EGIBIDEn izan zen Jesus Obreroko Mediatekan. Gure zuzendari nagusia, Jos\u00e9 Ignacio Eguizabalek, kurtsoaren balorazioa egin zuen eta ondoren Mila Alvarez de Eulatek, Identitate eta Misioa Zuzendaria, ekintza oso polita egin zuen. Zorionak mila esker! Bel\u00e9n Vicente Luis Mari Goicoechea Marisa Ib\u00e1\u00f1ez \u00a0\u00a0\u00a0\u00a0 ARGAZKIAK","og_url":"https:\/\/www.egibide.org\/eu\/egibiden-esker-onak\/","og_site_name":"egibide.org","article_publisher":"https:\/\/www.facebook.com\/Egibide\/","article_published_time":"2017-07-14T15:28:49+00:00","article_modified_time":"2018-02-06T16:31:35+00:00","og_image":[{"width":440,"height":330,"url":"https:\/\/www.egibide.org\/file\/2018\/02\/reconocimientos.jpg","type":"image\/jpeg"}],"author":"Astudillo","schema":{"@context":"https:\/\/schema.org","@graph":[{"@type":"Article","@id":"https:\/\/www.egibide.org\/eu\/egibiden-esker-onak\/#article","isPartOf":{"@id":"https:\/\/www.egibide.org\/eu\/egibiden-esker-onak\/"},"author":{"name":"Astudillo","@id":"https:\/\/www.egibide.org\/#\/schema\/person\/b2da98aa1612684f4661dcc6a622600d"},"headline":"EGIBIDEn Esker Onak","datePublished":"2017-07-14T15:28:49+00:00","dateModified":"2018-02-06T16:31:35+00:00","mainEntityOfPage":{"@id":"https:\/\/www.egibide.org\/eu\/egibiden-esker-onak\/"},"wordCount":54,"publisher":{"@id":"https:\/\/www.egibide.org\/#organization"},"image":{"@id":"https:\/\/www.egibide.org\/eu\/egibiden-esker-onak\/#primaryimage"},"thumbnailUrl":"https:\/\/www.egibide.org\/file\/2018\/02\/reconocimientos.jpg","articleSection":["General"],"inLanguage":"eu-ES"},{"@type":"WebPage","@id":"https:\/\/www.egibide.org\/eu\/egibiden-esker-onak\/","url":"https:\/\/www.egibide.org\/eu\/egibiden-esker-onak\/","name":"EGIBIDEn Esker Onak - egibide.org","isPartOf":{"@id":"https:\/\/www.egibide.org\/#website"},"primaryImageOfPage":{"@id":"https:\/\/www.egibide.org\/eu\/egibiden-esker-onak\/#primaryimage"},"image":{"@id":"https:\/\/www.egibide.org\/eu\/egibiden-esker-onak\/#primaryimage"},"thumbnailUrl":"https:\/\/www.egibide.org\/file\/2018\/02\/reconocimientos.jpg","datePublished":"2017-07-14T15:28:49+00:00","dateModified":"2018-02-06T16:31:35+00:00","inLanguage":"eu-ES","potentialAction":[{"@type":"ReadAction","target":["https:\/\/www.egibide.org\/eu\/egibiden-esker-onak\/"]}]},{"@type":"ImageObject","inLanguage":"eu-ES","@id":"https:\/\/www.egibide.org\/eu\/egibiden-esker-onak\/#primaryimage","url":"https:\/\/www.egibide.org\/file\/2018\/02\/reconocimientos.jpg","contentUrl":"https:\/\/www.egibide.org\/file\/2018\/02\/reconocimientos.jpg","width":440,"height":330},{"@type":"WebSite","@id":"https:\/\/www.egibide.org\/#website","url":"https:\/\/www.egibide.org\/","name":"egibide.org","description":"Educaci\u00f3n Secundaria y Formaci\u00f3n Profesional","publisher":{"@id":"https:\/\/www.egibide.org\/#organization"},"potentialAction":[{"@type":"SearchAction","target":{"@type":"EntryPoint","urlTemplate":"https:\/\/www.egibide.org\/?s={search_term_string}"},"query-input":{"@type":"PropertyValueSpecification","valueRequired":true,"valueName":"search_term_string"}}],"inLanguage":"eu-ES"},{"@type":"Organization","@id":"https:\/\/www.egibide.org\/#organization","name":"Egibide","url":"https:\/\/www.egibide.org\/","logo":{"@type":"ImageObject","inLanguage":"eu-ES","@id":"https:\/\/www.egibide.org\/#\/schema\/logo\/image\/","url":"https:\/\/www.egibide.org\/file\/2019\/07\/logo_egibide_cuadrado-copia.jpg","contentUrl":"https:\/\/www.egibide.org\/file\/2019\/07\/logo_egibide_cuadrado-copia.jpg","width":1696,"height":701,"caption":"Egibide"},"image":{"@id":"https:\/\/www.egibide.org\/#\/schema\/logo\/image\/"},"sameAs":["https:\/\/www.facebook.com\/Egibide\/","https:\/\/x.com\/egibide","https:\/\/www.youtube.com\/user\/Egibide"]},{"@type":"Person","@id":"https:\/\/www.egibide.org\/#\/schema\/person\/b2da98aa1612684f4661dcc6a622600d","name":"Astudillo","image":{"@type":"ImageObject","inLanguage":"eu-ES","@id":"https:\/\/www.egibide.org\/#\/schema\/person\/image\/","url":"https:\/\/secure.gravatar.com\/avatar\/62ebe61dcf1f77e9263c959811c3d1419699e94afb2bbdf66a84082be77a2071?s=96&d=mm&r=g","contentUrl":"https:\/\/secure.gravatar.com\/avatar\/62ebe61dcf1f77e9263c959811c3d1419699e94afb2bbdf66a84082be77a2071?s=96&d=mm&r=g","caption":"Astudillo"}}]}},"_links":{"self":[{"href":"https:\/\/www.egibide.org\/eu\/wp-json\/wp\/v2\/posts\/11669","targetHints":{"allow":["GET"]}}],"collection":[{"href":"https:\/\/www.egibide.org\/eu\/wp-json\/wp\/v2\/posts"}],"about":[{"href":"https:\/\/www.egibide.org\/eu\/wp-json\/wp\/v2\/types\/post"}],"author":[{"embeddable":true,"href":"https:\/\/www.egibide.org\/eu\/wp-json\/wp\/v2\/users\/33"}],"replies":[{"embeddable":true,"href":"https:\/\/www.egibide.org\/eu\/wp-json\/wp\/v2\/comments?post=11669"}],"version-history":[{"count":0,"href":"https:\/\/www.egibide.org\/eu\/wp-json\/wp\/v2\/posts\/11669\/revisions"}],"wp:featuredmedia":[{"embeddable":true,"href":"https:\/\/www.egibide.org\/eu\/wp-json\/wp\/v2\/media\/11666"}],"wp:attachment":[{"href":"https:\/\/www.egibide.org\/eu\/wp-json\/wp\/v2\/media?parent=11669"}],"wp:term":[{"taxonomy":"category","embeddable":true,"href":"https:\/\/www.egibide.org\/eu\/wp-json\/wp\/v2\/categories?post=11669"},{"taxonomy":"post_tag","embeddable":true,"href":"https:\/\/www.egibide.org\/eu\/wp-json\/wp\/v2\/tags?post=11669"}],"curies":[{"name":"wp","href":"https:\/\/api.w.org\/{rel}","templated":true}]}}