{"id":12201,"date":"2018-02-08T20:34:31","date_gmt":"2018-02-08T19:34:31","guid":{"rendered":"https:\/\/www.egibide.org\/presentacion-del-libro-del-75o\/"},"modified":"2018-02-28T13:43:10","modified_gmt":"2018-02-28T12:43:10","slug":"presentacion-del-libro-del-75o","status":"publish","type":"post","link":"https:\/\/www.egibide.org\/eu\/presentacion-del-libro-del-75o\/","title":{"rendered":"75. urteurreneko Liburuaren Aurkezpena"},"content":{"rendered":"<p><img loading=\"lazy\" decoding=\"async\" class=\"alignnone size-medium wp-image-12183 aligncenter\" src=\"https:\/\/www.egibide.org\/file\/2018\/02\/20180206-Libro-75\u00ba-37-300x225.jpg\" alt=\"\" width=\"300\" height=\"225\" srcset=\"https:\/\/www.egibide.org\/file\/2018\/02\/20180206-Libro-75\u00ba-37-300x225.jpg 300w, https:\/\/www.egibide.org\/file\/2018\/02\/20180206-Libro-75\u00ba-37-768x576.jpg 768w, https:\/\/www.egibide.org\/file\/2018\/02\/20180206-Libro-75\u00ba-37-1030x773.jpg 1030w, https:\/\/www.egibide.org\/file\/2018\/02\/20180206-Libro-75\u00ba-37-1500x1125.jpg 1500w, https:\/\/www.egibide.org\/file\/2018\/02\/20180206-Libro-75\u00ba-37-705x529.jpg 705w, https:\/\/www.egibide.org\/file\/2018\/02\/20180206-Libro-75\u00ba-37-450x338.jpg 450w, https:\/\/www.egibide.org\/file\/2018\/02\/20180206-Libro-75\u00ba-37-1320x990.jpg 1320w\" sizes=\"auto, (max-width: 300px) 100vw, 300px\" \/><\/p>\n<p>Otsailaren 6an <strong>Diocesanas-Jes\u00fas Obrero \u201cEGIBIDE\u201d-ren 75 urteurreneko Liburua <\/strong>aurkeztu zen. Ekitaldian gure historia gertuaren parte diren lau hezitzaile ohien hitzak entzun genituen\u00a0<strong>Mari Cabrerizo, Juanjo Garmendia, Marisa Ib\u00e1\u00f1ez eta Sixto Gonz\u00e1lez<\/strong>ena.<\/p>\n<p><strong>Pedro Rodr\u00edguez Teller\u00eda\u00a0<\/strong>liburuaren koordinatzailearen laguntzaz, hitzaldi-topaketa zoragarri batez gozatzeko aukera izan genuen eta lau gonbidatuek zenbait pasadizo eta gogoeta ezagutaraztera eman zizkiguten.<\/p>\n<p style=\"text-align: center;\"><a href=\"https:\/\/photos.app.goo.gl\/HgIexFXjh98X19qZ2\">ARGAZKIAK<\/a><\/p>\n<p>Mila esker ekitaldira hurbildu zineten guztioi eta bereziki, Mari, Juanjo, Marisa eta Sixtori.<br \/>\n<strong><br \/>\nMila esker bihotz-bihotzez!<\/strong><\/p>\n<p>&nbsp;<\/p>\n<div class=\"issuuembed\" style=\"width: 400px; height: 300px;\" data-configid=\"6251980\/58794592\"><\/div>\n<p><script type=\"text\/javascript\" src=\"\/\/e.issuu.com\/embed.js\" async=\"true\"><\/script><\/p>\n","protected":false},"excerpt":{"rendered":"<p>Otsailaren 6an Diocesanas-Jes\u00fas Obrero \u201cEGIBIDE\u201d-ren 75 urteurreneko Liburua aurkeztu zen. Ekitaldian gure historia gertuaren parte diren lau hezitzaile ohien hitzak entzun genituen\u00a0Mari Cabrerizo, Juanjo Garmendia, Marisa Ib\u00e1\u00f1ez eta Sixto Gonz\u00e1lezena. Pedro Rodr\u00edguez Teller\u00eda\u00a0liburuaren koordinatzailearen laguntzaz, hitzaldi-topaketa zoragarri batez gozatzeko aukera izan genuen eta lau gonbidatuek zenbait pasadizo eta gogoeta ezagutaraztera eman zizkiguten. ARGAZKIAK Mila esker [&hellip;]<\/p>\n","protected":false},"author":37,"featured_media":12186,"comment_status":"closed","ping_status":"closed","sticky":false,"template":"","format":"standard","meta":{"_acf_changed":false,"footnotes":""},"categories":[2,220],"tags":[],"class_list":["post-12201","post","type-post","status-publish","format-standard","has-post-thumbnail","hentry","category-general-eu","category-mendizorrotza-eu"],"acf":{"crea_menu_visual_oferta_educativa":null},"yoast_head":"<!-- This site is optimized with the Yoast SEO plugin v27.0 - https:\/\/yoast.com\/product\/yoast-seo-wordpress\/ -->\n<title>75. urteurreneko Liburuaren Aurkezpena - egibide.org<\/title>\n<meta name=\"robots\" content=\"index, follow, max-snippet:-1, max-image-preview:large, max-video-preview:-1\" \/>\n<link rel=\"canonical\" href=\"https:\/\/www.egibide.org\/eu\/presentacion-del-libro-del-75o\/\" \/>\n<meta property=\"og:locale\" content=\"eu_ES\" \/>\n<meta property=\"og:type\" content=\"article\" \/>\n<meta property=\"og:title\" content=\"75. urteurreneko Liburuaren Aurkezpena - egibide.org\" \/>\n<meta property=\"og:description\" content=\"Otsailaren 6an Diocesanas-Jes\u00fas Obrero \u201cEGIBIDE\u201d-ren 75 urteurreneko Liburua aurkeztu zen. Ekitaldian gure historia gertuaren parte diren lau hezitzaile ohien hitzak entzun genituen\u00a0Mari Cabrerizo, Juanjo Garmendia, Marisa Ib\u00e1\u00f1ez eta Sixto Gonz\u00e1lezena. Pedro Rodr\u00edguez Teller\u00eda\u00a0liburuaren koordinatzailearen laguntzaz, hitzaldi-topaketa zoragarri batez gozatzeko aukera izan genuen eta lau gonbidatuek zenbait pasadizo eta gogoeta ezagutaraztera eman zizkiguten. ARGAZKIAK Mila esker [&hellip;]\" \/>\n<meta property=\"og:url\" content=\"https:\/\/www.egibide.org\/eu\/presentacion-del-libro-del-75o\/\" \/>\n<meta property=\"og:site_name\" content=\"egibide.org\" \/>\n<meta property=\"article:publisher\" content=\"https:\/\/www.facebook.com\/Egibide\/\" \/>\n<meta property=\"article:published_time\" content=\"2018-02-08T19:34:31+00:00\" \/>\n<meta property=\"article:modified_time\" content=\"2018-02-28T12:43:10+00:00\" \/>\n<meta property=\"og:image\" content=\"https:\/\/www.egibide.org\/file\/2018\/02\/20180206-Libro-75\u00ba-25.jpg\" \/>\n\t<meta property=\"og:image:width\" content=\"4032\" \/>\n\t<meta property=\"og:image:height\" content=\"3024\" \/>\n\t<meta property=\"og:image:type\" content=\"image\/jpeg\" \/>\n<meta name=\"author\" content=\"Aitor\" \/>\n<script type=\"application\/ld+json\" class=\"yoast-schema-graph\">{\"@context\":\"https:\/\/schema.org\",\"@graph\":[{\"@type\":\"Article\",\"@id\":\"https:\/\/www.egibide.org\/eu\/presentacion-del-libro-del-75o\/#article\",\"isPartOf\":{\"@id\":\"https:\/\/www.egibide.org\/eu\/presentacion-del-libro-del-75o\/\"},\"author\":{\"name\":\"Aitor\",\"@id\":\"https:\/\/www.egibide.org\/#\/schema\/person\/358dedb23bb7184fc0741df22e2a1c14\"},\"headline\":\"75. urteurreneko Liburuaren Aurkezpena\",\"datePublished\":\"2018-02-08T19:34:31+00:00\",\"dateModified\":\"2018-02-28T12:43:10+00:00\",\"mainEntityOfPage\":{\"@id\":\"https:\/\/www.egibide.org\/eu\/presentacion-del-libro-del-75o\/\"},\"wordCount\":80,\"publisher\":{\"@id\":\"https:\/\/www.egibide.org\/#organization\"},\"image\":{\"@id\":\"https:\/\/www.egibide.org\/eu\/presentacion-del-libro-del-75o\/#primaryimage\"},\"thumbnailUrl\":\"https:\/\/www.egibide.org\/file\/2018\/02\/20180206-Libro-75\u00ba-25.jpg\",\"articleSection\":[\"General\",\"Mendizorrotza\"],\"inLanguage\":\"eu-ES\"},{\"@type\":\"WebPage\",\"@id\":\"https:\/\/www.egibide.org\/eu\/presentacion-del-libro-del-75o\/\",\"url\":\"https:\/\/www.egibide.org\/eu\/presentacion-del-libro-del-75o\/\",\"name\":\"75. urteurreneko Liburuaren Aurkezpena - egibide.org\",\"isPartOf\":{\"@id\":\"https:\/\/www.egibide.org\/#website\"},\"primaryImageOfPage\":{\"@id\":\"https:\/\/www.egibide.org\/eu\/presentacion-del-libro-del-75o\/#primaryimage\"},\"image\":{\"@id\":\"https:\/\/www.egibide.org\/eu\/presentacion-del-libro-del-75o\/#primaryimage\"},\"thumbnailUrl\":\"https:\/\/www.egibide.org\/file\/2018\/02\/20180206-Libro-75\u00ba-25.jpg\",\"datePublished\":\"2018-02-08T19:34:31+00:00\",\"dateModified\":\"2018-02-28T12:43:10+00:00\",\"inLanguage\":\"eu-ES\",\"potentialAction\":[{\"@type\":\"ReadAction\",\"target\":[\"https:\/\/www.egibide.org\/eu\/presentacion-del-libro-del-75o\/\"]}]},{\"@type\":\"ImageObject\",\"inLanguage\":\"eu-ES\",\"@id\":\"https:\/\/www.egibide.org\/eu\/presentacion-del-libro-del-75o\/#primaryimage\",\"url\":\"https:\/\/www.egibide.org\/file\/2018\/02\/20180206-Libro-75\u00ba-25.jpg\",\"contentUrl\":\"https:\/\/www.egibide.org\/file\/2018\/02\/20180206-Libro-75\u00ba-25.jpg\",\"width\":4032,\"height\":3024},{\"@type\":\"WebSite\",\"@id\":\"https:\/\/www.egibide.org\/#website\",\"url\":\"https:\/\/www.egibide.org\/\",\"name\":\"egibide.org\",\"description\":\"Educaci\u00f3n Secundaria y Formaci\u00f3n Profesional\",\"publisher\":{\"@id\":\"https:\/\/www.egibide.org\/#organization\"},\"potentialAction\":[{\"@type\":\"SearchAction\",\"target\":{\"@type\":\"EntryPoint\",\"urlTemplate\":\"https:\/\/www.egibide.org\/?s={search_term_string}\"},\"query-input\":{\"@type\":\"PropertyValueSpecification\",\"valueRequired\":true,\"valueName\":\"search_term_string\"}}],\"inLanguage\":\"eu-ES\"},{\"@type\":\"Organization\",\"@id\":\"https:\/\/www.egibide.org\/#organization\",\"name\":\"Egibide\",\"url\":\"https:\/\/www.egibide.org\/\",\"logo\":{\"@type\":\"ImageObject\",\"inLanguage\":\"eu-ES\",\"@id\":\"https:\/\/www.egibide.org\/#\/schema\/logo\/image\/\",\"url\":\"https:\/\/www.egibide.org\/file\/2019\/07\/logo_egibide_cuadrado-copia.jpg\",\"contentUrl\":\"https:\/\/www.egibide.org\/file\/2019\/07\/logo_egibide_cuadrado-copia.jpg\",\"width\":1696,\"height\":701,\"caption\":\"Egibide\"},\"image\":{\"@id\":\"https:\/\/www.egibide.org\/#\/schema\/logo\/image\/\"},\"sameAs\":[\"https:\/\/www.facebook.com\/Egibide\/\",\"https:\/\/x.com\/egibide\",\"https:\/\/www.youtube.com\/user\/Egibide\"]},{\"@type\":\"Person\",\"@id\":\"https:\/\/www.egibide.org\/#\/schema\/person\/358dedb23bb7184fc0741df22e2a1c14\",\"name\":\"Aitor\",\"image\":{\"@type\":\"ImageObject\",\"inLanguage\":\"eu-ES\",\"@id\":\"https:\/\/www.egibide.org\/#\/schema\/person\/image\/\",\"url\":\"https:\/\/secure.gravatar.com\/avatar\/ea8e821d3e0e4ffd530053251ad29e3a5ae9c7f40db58248bc56cb5075379ba3?s=96&d=mm&r=g\",\"contentUrl\":\"https:\/\/secure.gravatar.com\/avatar\/ea8e821d3e0e4ffd530053251ad29e3a5ae9c7f40db58248bc56cb5075379ba3?s=96&d=mm&r=g\",\"caption\":\"Aitor\"}}]}<\/script>\n<!-- \/ Yoast SEO plugin. -->","yoast_head_json":{"title":"75. urteurreneko Liburuaren Aurkezpena - egibide.org","robots":{"index":"index","follow":"follow","max-snippet":"max-snippet:-1","max-image-preview":"max-image-preview:large","max-video-preview":"max-video-preview:-1"},"canonical":"https:\/\/www.egibide.org\/eu\/presentacion-del-libro-del-75o\/","og_locale":"eu_ES","og_type":"article","og_title":"75. urteurreneko Liburuaren Aurkezpena - egibide.org","og_description":"Otsailaren 6an Diocesanas-Jes\u00fas Obrero \u201cEGIBIDE\u201d-ren 75 urteurreneko Liburua aurkeztu zen. Ekitaldian gure historia gertuaren parte diren lau hezitzaile ohien hitzak entzun genituen\u00a0Mari Cabrerizo, Juanjo Garmendia, Marisa Ib\u00e1\u00f1ez eta Sixto Gonz\u00e1lezena. Pedro Rodr\u00edguez Teller\u00eda\u00a0liburuaren koordinatzailearen laguntzaz, hitzaldi-topaketa zoragarri batez gozatzeko aukera izan genuen eta lau gonbidatuek zenbait pasadizo eta gogoeta ezagutaraztera eman zizkiguten. ARGAZKIAK Mila esker [&hellip;]","og_url":"https:\/\/www.egibide.org\/eu\/presentacion-del-libro-del-75o\/","og_site_name":"egibide.org","article_publisher":"https:\/\/www.facebook.com\/Egibide\/","article_published_time":"2018-02-08T19:34:31+00:00","article_modified_time":"2018-02-28T12:43:10+00:00","og_image":[{"width":4032,"height":3024,"url":"https:\/\/www.egibide.org\/file\/2018\/02\/20180206-Libro-75\u00ba-25.jpg","type":"image\/jpeg"}],"author":"Aitor","schema":{"@context":"https:\/\/schema.org","@graph":[{"@type":"Article","@id":"https:\/\/www.egibide.org\/eu\/presentacion-del-libro-del-75o\/#article","isPartOf":{"@id":"https:\/\/www.egibide.org\/eu\/presentacion-del-libro-del-75o\/"},"author":{"name":"Aitor","@id":"https:\/\/www.egibide.org\/#\/schema\/person\/358dedb23bb7184fc0741df22e2a1c14"},"headline":"75. urteurreneko Liburuaren Aurkezpena","datePublished":"2018-02-08T19:34:31+00:00","dateModified":"2018-02-28T12:43:10+00:00","mainEntityOfPage":{"@id":"https:\/\/www.egibide.org\/eu\/presentacion-del-libro-del-75o\/"},"wordCount":80,"publisher":{"@id":"https:\/\/www.egibide.org\/#organization"},"image":{"@id":"https:\/\/www.egibide.org\/eu\/presentacion-del-libro-del-75o\/#primaryimage"},"thumbnailUrl":"https:\/\/www.egibide.org\/file\/2018\/02\/20180206-Libro-75\u00ba-25.jpg","articleSection":["General","Mendizorrotza"],"inLanguage":"eu-ES"},{"@type":"WebPage","@id":"https:\/\/www.egibide.org\/eu\/presentacion-del-libro-del-75o\/","url":"https:\/\/www.egibide.org\/eu\/presentacion-del-libro-del-75o\/","name":"75. urteurreneko Liburuaren Aurkezpena - egibide.org","isPartOf":{"@id":"https:\/\/www.egibide.org\/#website"},"primaryImageOfPage":{"@id":"https:\/\/www.egibide.org\/eu\/presentacion-del-libro-del-75o\/#primaryimage"},"image":{"@id":"https:\/\/www.egibide.org\/eu\/presentacion-del-libro-del-75o\/#primaryimage"},"thumbnailUrl":"https:\/\/www.egibide.org\/file\/2018\/02\/20180206-Libro-75\u00ba-25.jpg","datePublished":"2018-02-08T19:34:31+00:00","dateModified":"2018-02-28T12:43:10+00:00","inLanguage":"eu-ES","potentialAction":[{"@type":"ReadAction","target":["https:\/\/www.egibide.org\/eu\/presentacion-del-libro-del-75o\/"]}]},{"@type":"ImageObject","inLanguage":"eu-ES","@id":"https:\/\/www.egibide.org\/eu\/presentacion-del-libro-del-75o\/#primaryimage","url":"https:\/\/www.egibide.org\/file\/2018\/02\/20180206-Libro-75\u00ba-25.jpg","contentUrl":"https:\/\/www.egibide.org\/file\/2018\/02\/20180206-Libro-75\u00ba-25.jpg","width":4032,"height":3024},{"@type":"WebSite","@id":"https:\/\/www.egibide.org\/#website","url":"https:\/\/www.egibide.org\/","name":"egibide.org","description":"Educaci\u00f3n Secundaria y Formaci\u00f3n Profesional","publisher":{"@id":"https:\/\/www.egibide.org\/#organization"},"potentialAction":[{"@type":"SearchAction","target":{"@type":"EntryPoint","urlTemplate":"https:\/\/www.egibide.org\/?s={search_term_string}"},"query-input":{"@type":"PropertyValueSpecification","valueRequired":true,"valueName":"search_term_string"}}],"inLanguage":"eu-ES"},{"@type":"Organization","@id":"https:\/\/www.egibide.org\/#organization","name":"Egibide","url":"https:\/\/www.egibide.org\/","logo":{"@type":"ImageObject","inLanguage":"eu-ES","@id":"https:\/\/www.egibide.org\/#\/schema\/logo\/image\/","url":"https:\/\/www.egibide.org\/file\/2019\/07\/logo_egibide_cuadrado-copia.jpg","contentUrl":"https:\/\/www.egibide.org\/file\/2019\/07\/logo_egibide_cuadrado-copia.jpg","width":1696,"height":701,"caption":"Egibide"},"image":{"@id":"https:\/\/www.egibide.org\/#\/schema\/logo\/image\/"},"sameAs":["https:\/\/www.facebook.com\/Egibide\/","https:\/\/x.com\/egibide","https:\/\/www.youtube.com\/user\/Egibide"]},{"@type":"Person","@id":"https:\/\/www.egibide.org\/#\/schema\/person\/358dedb23bb7184fc0741df22e2a1c14","name":"Aitor","image":{"@type":"ImageObject","inLanguage":"eu-ES","@id":"https:\/\/www.egibide.org\/#\/schema\/person\/image\/","url":"https:\/\/secure.gravatar.com\/avatar\/ea8e821d3e0e4ffd530053251ad29e3a5ae9c7f40db58248bc56cb5075379ba3?s=96&d=mm&r=g","contentUrl":"https:\/\/secure.gravatar.com\/avatar\/ea8e821d3e0e4ffd530053251ad29e3a5ae9c7f40db58248bc56cb5075379ba3?s=96&d=mm&r=g","caption":"Aitor"}}]}},"_links":{"self":[{"href":"https:\/\/www.egibide.org\/eu\/wp-json\/wp\/v2\/posts\/12201","targetHints":{"allow":["GET"]}}],"collection":[{"href":"https:\/\/www.egibide.org\/eu\/wp-json\/wp\/v2\/posts"}],"about":[{"href":"https:\/\/www.egibide.org\/eu\/wp-json\/wp\/v2\/types\/post"}],"author":[{"embeddable":true,"href":"https:\/\/www.egibide.org\/eu\/wp-json\/wp\/v2\/users\/37"}],"replies":[{"embeddable":true,"href":"https:\/\/www.egibide.org\/eu\/wp-json\/wp\/v2\/comments?post=12201"}],"version-history":[{"count":0,"href":"https:\/\/www.egibide.org\/eu\/wp-json\/wp\/v2\/posts\/12201\/revisions"}],"wp:featuredmedia":[{"embeddable":true,"href":"https:\/\/www.egibide.org\/eu\/wp-json\/wp\/v2\/media\/12186"}],"wp:attachment":[{"href":"https:\/\/www.egibide.org\/eu\/wp-json\/wp\/v2\/media?parent=12201"}],"wp:term":[{"taxonomy":"category","embeddable":true,"href":"https:\/\/www.egibide.org\/eu\/wp-json\/wp\/v2\/categories?post=12201"},{"taxonomy":"post_tag","embeddable":true,"href":"https:\/\/www.egibide.org\/eu\/wp-json\/wp\/v2\/tags?post=12201"}],"curies":[{"name":"wp","href":"https:\/\/api.w.org\/{rel}","templated":true}]}}