{"id":13161,"date":"2018-02-22T13:32:38","date_gmt":"2018-02-22T12:32:38","guid":{"rendered":"https:\/\/www.egibide.org\/?p=13161"},"modified":"2018-02-22T13:36:13","modified_gmt":"2018-02-22T12:36:13","slug":"brenda-linero-irabazi-zuen-ix-euskadiko-ostalaritza-eskolen-eusko-label-lehiaketa-egibide-mendizorrotzan","status":"publish","type":"post","link":"https:\/\/www.egibide.org\/eu\/brenda-linero-irabazi-zuen-ix-euskadiko-ostalaritza-eskolen-eusko-label-lehiaketa-egibide-mendizorrotzan\/","title":{"rendered":"Brenda Linero irabazi zuen IX. Euskadiko Ostalaritza Eskolen Eusko Label lehiaketa EGIBIDE-Mendizorrotzan"},"content":{"rendered":"\n<style type=\"text\/css\" data-created_by=\"avia_inline_auto\" id=\"style-css-av-av_image-eded33f5892a166a90de046f4d48413a\">\n.avia-image-container.av-av_image-eded33f5892a166a90de046f4d48413a .av-image-caption-overlay-center{\ncolor:#ffffff;\n}\n<\/style>\n<div  class='avia-image-container av-av_image-eded33f5892a166a90de046f4d48413a av-styling- avia-align-center  avia-builder-el-0  el_before_av_textblock  avia-builder-el-first  '  itemprop=\"image\" itemscope=\"itemscope\" itemtype=\"https:\/\/schema.org\/ImageObject\" ><div class=\"avia-image-container-inner\"><div class=\"avia-image-overlay-wrap\"><img decoding=\"async\" class='wp-image-13167 avia-img-lazy-loading-not-13167 avia_image' src=\"https:\/\/www.egibide.org\/file\/2018\/02\/20180220_IX-Concurso-Eusko-Label-1-1-300x169.jpg\" alt='' title='20180220_IX Concurso Eusko Label (1)'  height=\"169\" width=\"300\"  itemprop=\"thumbnailUrl\" srcset=\"https:\/\/www.egibide.org\/file\/2018\/02\/20180220_IX-Concurso-Eusko-Label-1-1-300x169.jpg 300w, https:\/\/www.egibide.org\/file\/2018\/02\/20180220_IX-Concurso-Eusko-Label-1-1-768x432.jpg 768w, https:\/\/www.egibide.org\/file\/2018\/02\/20180220_IX-Concurso-Eusko-Label-1-1-1030x579.jpg 1030w, https:\/\/www.egibide.org\/file\/2018\/02\/20180220_IX-Concurso-Eusko-Label-1-1-1500x844.jpg 1500w, https:\/\/www.egibide.org\/file\/2018\/02\/20180220_IX-Concurso-Eusko-Label-1-1-705x397.jpg 705w, https:\/\/www.egibide.org\/file\/2018\/02\/20180220_IX-Concurso-Eusko-Label-1-1-450x253.jpg 450w, https:\/\/www.egibide.org\/file\/2018\/02\/20180220_IX-Concurso-Eusko-Label-1-1-1320x743.jpg 1320w\" sizes=\"(max-width: 300px) 100vw, 300px\" \/><\/div><\/div><\/div>\n<section class=\"av_textblock_section \"  itemscope=\"itemscope\" itemtype=\"https:\/\/schema.org\/BlogPosting\" itemprop=\"blogPost\" ><div class='avia_textblock  '   itemprop=\"text\" ><p><strong>Brenda Linero<\/strong> <strong>Urrutiko Lanbide Heziketako Institutuk<\/strong>o (ULHI) ikaslea izan zen aurtengo Eusko Label Ostalaritza Eskolako lehiaketaren irabazlea. HAZIk antolatuta ospatu zen Egibide-Mendizorrotzako Ostalaritza Eskolaren egoitzan. Bigarren saritua <strong>Stephanie Arango<\/strong> izan zen, <strong>Gamarrako Ostalaritza Eskolako<\/strong> ikaslearentzat. Hirugarren postuan <strong>Pablo Cadavid (Bilbao Ostalaritza Goi Eskola)<\/strong> geratu zen.<\/p>\n<p><strong>Dastaketa epaimahia<\/strong> honela egon zen osatuta: <strong>Luis Angel Plagaro<\/strong> (Sukalki Jatetxea),<strong> Julio Saenz de la Calle <\/strong>(Zaldiaran Jatetxea), <strong>Asier Urbina<\/strong> (Ikea Jatetxea), <strong>Miguel Ca\u00f1o<\/strong> sukaldaria, <strong>Alo\u00f1a Erzibengoa<\/strong> (CEBANCeko irakaslea) eta <strong>Julen Hornillos<\/strong> (Euskal Baserriko Arrautzako ekoizlea).<\/p>\n<p><strong>Lehiakideak eta platerrak<\/strong><\/p>\n<p>\u2022 <strong>Andoni Arranz B\u00e1rcena<\/strong> (CEBANC Ostalaritza Eskola). Platera: Latte cotta de miel y lim\u00f3n, OOBE bizkotxoa, erretako sagar krema, sagardo merengea y Idiazabal kremosoa.<\/p>\n<p><strong>\u2022 Pablo Cadavid Carrancio<\/strong> (Bilbao Ostalaritza Goi Eskola). Platera: Erlea eta ardia.<\/p>\n<p><strong>\u2022 Stephanie Arango Jim\u00e9nez<\/strong> (Gamarra Ostalaritzako Eskola). Platera: Chop-txotx.<\/p>\n<p>\u2022 <strong>Unai Mart\u00ednez de Lizarrondo Arbeo<\/strong> (Aiala Ostalaritza Eskola). Platera: Intxaursaltsa testuratan.<\/p>\n<p><strong>\u2022 David Rodr\u00edguez Lozano<\/strong> (Leioa Ostalaritza Eskola). Platera: Gorringo eta ezti erdigatzatuko kausera<\/p>\n<p><strong>\u2022 \u00c1lvaro Andr\u00e9s Fern\u00e1ndez<\/strong> (Galdakao Ostalaritza Eskola). Platera: Hemen haziak, zapore bereziak.<\/p>\n<p><strong>\u2022 Brenda Linero Mart\u00edn<\/strong> (ULHI- Urrutiko Lanbide Heziketako Institutoa). Platera: Ama lurra<\/p>\n<p><strong>\u2022 Jordi Mu\u00f1oz Intriago<\/strong> (Escuela de Hosteler\u00eda Egibide-Mendizorrotza). Platera: Sifoi-ezti torrada, gorringo grina.<\/p>\n<p style=\"text-align: center;\"><a href=\"https:\/\/photos.app.goo.gl\/jvOWwHM23kmJjKQq1\">ARGAZKIAK<\/a><\/p>\n<\/div><\/section>\n","protected":false},"excerpt":{"rendered":"","protected":false},"author":37,"featured_media":13140,"comment_status":"closed","ping_status":"closed","sticky":false,"template":"","format":"standard","meta":{"_acf_changed":false,"footnotes":""},"categories":[2,220],"tags":[],"class_list":["post-13161","post","type-post","status-publish","format-standard","has-post-thumbnail","hentry","category-general-eu","category-mendizorrotza-eu"],"acf":{"crea_menu_visual_oferta_educativa":null},"yoast_head":"<!-- This site is optimized with the Yoast SEO plugin v27.0 - https:\/\/yoast.com\/product\/yoast-seo-wordpress\/ -->\n<title>Brenda Linero irabazi zuen IX. Euskadiko Ostalaritza Eskolen Eusko Label lehiaketa EGIBIDE-Mendizorrotzan - egibide.org<\/title>\n<meta name=\"robots\" content=\"index, follow, max-snippet:-1, max-image-preview:large, max-video-preview:-1\" \/>\n<link rel=\"canonical\" href=\"https:\/\/www.egibide.org\/eu\/brenda-linero-irabazi-zuen-ix-euskadiko-ostalaritza-eskolen-eusko-label-lehiaketa-egibide-mendizorrotzan\/\" \/>\n<meta property=\"og:locale\" content=\"eu_ES\" \/>\n<meta property=\"og:type\" content=\"article\" \/>\n<meta property=\"og:title\" content=\"Brenda Linero irabazi zuen IX. Euskadiko Ostalaritza Eskolen Eusko Label lehiaketa EGIBIDE-Mendizorrotzan - egibide.org\" \/>\n<meta property=\"og:url\" content=\"https:\/\/www.egibide.org\/eu\/brenda-linero-irabazi-zuen-ix-euskadiko-ostalaritza-eskolen-eusko-label-lehiaketa-egibide-mendizorrotzan\/\" \/>\n<meta property=\"og:site_name\" content=\"egibide.org\" \/>\n<meta property=\"article:publisher\" content=\"https:\/\/www.facebook.com\/Egibide\/\" \/>\n<meta property=\"article:published_time\" content=\"2018-02-22T12:32:38+00:00\" \/>\n<meta property=\"article:modified_time\" content=\"2018-02-22T12:36:13+00:00\" \/>\n<meta property=\"og:image\" content=\"https:\/\/www.egibide.org\/file\/2018\/02\/20180220_IX-Concurso-Eusko-Label-1-1030x579.jpg\" \/>\n\t<meta property=\"og:image:width\" content=\"1030\" \/>\n\t<meta property=\"og:image:height\" content=\"579\" \/>\n\t<meta property=\"og:image:type\" content=\"image\/jpeg\" \/>\n<meta name=\"author\" content=\"Aitor\" \/>\n<script type=\"application\/ld+json\" class=\"yoast-schema-graph\">{\"@context\":\"https:\/\/schema.org\",\"@graph\":[{\"@type\":\"Article\",\"@id\":\"https:\/\/www.egibide.org\/eu\/brenda-linero-irabazi-zuen-ix-euskadiko-ostalaritza-eskolen-eusko-label-lehiaketa-egibide-mendizorrotzan\/#article\",\"isPartOf\":{\"@id\":\"https:\/\/www.egibide.org\/eu\/brenda-linero-irabazi-zuen-ix-euskadiko-ostalaritza-eskolen-eusko-label-lehiaketa-egibide-mendizorrotzan\/\"},\"author\":{\"name\":\"Aitor\",\"@id\":\"https:\/\/www.egibide.org\/#\/schema\/person\/358dedb23bb7184fc0741df22e2a1c14\"},\"headline\":\"Brenda Linero irabazi zuen IX. Euskadiko Ostalaritza Eskolen Eusko Label lehiaketa EGIBIDE-Mendizorrotzan\",\"datePublished\":\"2018-02-22T12:32:38+00:00\",\"dateModified\":\"2018-02-22T12:36:13+00:00\",\"mainEntityOfPage\":{\"@id\":\"https:\/\/www.egibide.org\/eu\/brenda-linero-irabazi-zuen-ix-euskadiko-ostalaritza-eskolen-eusko-label-lehiaketa-egibide-mendizorrotzan\/\"},\"wordCount\":268,\"publisher\":{\"@id\":\"https:\/\/www.egibide.org\/#organization\"},\"image\":{\"@id\":\"https:\/\/www.egibide.org\/eu\/brenda-linero-irabazi-zuen-ix-euskadiko-ostalaritza-eskolen-eusko-label-lehiaketa-egibide-mendizorrotzan\/#primaryimage\"},\"thumbnailUrl\":\"https:\/\/www.egibide.org\/file\/2018\/02\/20180220_IX-Concurso-Eusko-Label-1.jpg\",\"articleSection\":[\"General\",\"Mendizorrotza\"],\"inLanguage\":\"eu-ES\"},{\"@type\":\"WebPage\",\"@id\":\"https:\/\/www.egibide.org\/eu\/brenda-linero-irabazi-zuen-ix-euskadiko-ostalaritza-eskolen-eusko-label-lehiaketa-egibide-mendizorrotzan\/\",\"url\":\"https:\/\/www.egibide.org\/eu\/brenda-linero-irabazi-zuen-ix-euskadiko-ostalaritza-eskolen-eusko-label-lehiaketa-egibide-mendizorrotzan\/\",\"name\":\"Brenda Linero irabazi zuen IX. Euskadiko Ostalaritza Eskolen Eusko Label lehiaketa EGIBIDE-Mendizorrotzan - egibide.org\",\"isPartOf\":{\"@id\":\"https:\/\/www.egibide.org\/#website\"},\"primaryImageOfPage\":{\"@id\":\"https:\/\/www.egibide.org\/eu\/brenda-linero-irabazi-zuen-ix-euskadiko-ostalaritza-eskolen-eusko-label-lehiaketa-egibide-mendizorrotzan\/#primaryimage\"},\"image\":{\"@id\":\"https:\/\/www.egibide.org\/eu\/brenda-linero-irabazi-zuen-ix-euskadiko-ostalaritza-eskolen-eusko-label-lehiaketa-egibide-mendizorrotzan\/#primaryimage\"},\"thumbnailUrl\":\"https:\/\/www.egibide.org\/file\/2018\/02\/20180220_IX-Concurso-Eusko-Label-1.jpg\",\"datePublished\":\"2018-02-22T12:32:38+00:00\",\"dateModified\":\"2018-02-22T12:36:13+00:00\",\"inLanguage\":\"eu-ES\",\"potentialAction\":[{\"@type\":\"ReadAction\",\"target\":[\"https:\/\/www.egibide.org\/eu\/brenda-linero-irabazi-zuen-ix-euskadiko-ostalaritza-eskolen-eusko-label-lehiaketa-egibide-mendizorrotzan\/\"]}]},{\"@type\":\"ImageObject\",\"inLanguage\":\"eu-ES\",\"@id\":\"https:\/\/www.egibide.org\/eu\/brenda-linero-irabazi-zuen-ix-euskadiko-ostalaritza-eskolen-eusko-label-lehiaketa-egibide-mendizorrotzan\/#primaryimage\",\"url\":\"https:\/\/www.egibide.org\/file\/2018\/02\/20180220_IX-Concurso-Eusko-Label-1.jpg\",\"contentUrl\":\"https:\/\/www.egibide.org\/file\/2018\/02\/20180220_IX-Concurso-Eusko-Label-1.jpg\",\"width\":5312,\"height\":2988},{\"@type\":\"WebSite\",\"@id\":\"https:\/\/www.egibide.org\/#website\",\"url\":\"https:\/\/www.egibide.org\/\",\"name\":\"egibide.org\",\"description\":\"Educaci\u00f3n Secundaria y Formaci\u00f3n Profesional\",\"publisher\":{\"@id\":\"https:\/\/www.egibide.org\/#organization\"},\"potentialAction\":[{\"@type\":\"SearchAction\",\"target\":{\"@type\":\"EntryPoint\",\"urlTemplate\":\"https:\/\/www.egibide.org\/?s={search_term_string}\"},\"query-input\":{\"@type\":\"PropertyValueSpecification\",\"valueRequired\":true,\"valueName\":\"search_term_string\"}}],\"inLanguage\":\"eu-ES\"},{\"@type\":\"Organization\",\"@id\":\"https:\/\/www.egibide.org\/#organization\",\"name\":\"Egibide\",\"url\":\"https:\/\/www.egibide.org\/\",\"logo\":{\"@type\":\"ImageObject\",\"inLanguage\":\"eu-ES\",\"@id\":\"https:\/\/www.egibide.org\/#\/schema\/logo\/image\/\",\"url\":\"https:\/\/www.egibide.org\/file\/2019\/07\/logo_egibide_cuadrado-copia.jpg\",\"contentUrl\":\"https:\/\/www.egibide.org\/file\/2019\/07\/logo_egibide_cuadrado-copia.jpg\",\"width\":1696,\"height\":701,\"caption\":\"Egibide\"},\"image\":{\"@id\":\"https:\/\/www.egibide.org\/#\/schema\/logo\/image\/\"},\"sameAs\":[\"https:\/\/www.facebook.com\/Egibide\/\",\"https:\/\/x.com\/egibide\",\"https:\/\/www.youtube.com\/user\/Egibide\"]},{\"@type\":\"Person\",\"@id\":\"https:\/\/www.egibide.org\/#\/schema\/person\/358dedb23bb7184fc0741df22e2a1c14\",\"name\":\"Aitor\",\"image\":{\"@type\":\"ImageObject\",\"inLanguage\":\"eu-ES\",\"@id\":\"https:\/\/www.egibide.org\/#\/schema\/person\/image\/\",\"url\":\"https:\/\/secure.gravatar.com\/avatar\/ea8e821d3e0e4ffd530053251ad29e3a5ae9c7f40db58248bc56cb5075379ba3?s=96&d=mm&r=g\",\"contentUrl\":\"https:\/\/secure.gravatar.com\/avatar\/ea8e821d3e0e4ffd530053251ad29e3a5ae9c7f40db58248bc56cb5075379ba3?s=96&d=mm&r=g\",\"caption\":\"Aitor\"}}]}<\/script>\n<!-- \/ Yoast SEO plugin. -->","yoast_head_json":{"title":"Brenda Linero irabazi zuen IX. Euskadiko Ostalaritza Eskolen Eusko Label lehiaketa EGIBIDE-Mendizorrotzan - egibide.org","robots":{"index":"index","follow":"follow","max-snippet":"max-snippet:-1","max-image-preview":"max-image-preview:large","max-video-preview":"max-video-preview:-1"},"canonical":"https:\/\/www.egibide.org\/eu\/brenda-linero-irabazi-zuen-ix-euskadiko-ostalaritza-eskolen-eusko-label-lehiaketa-egibide-mendizorrotzan\/","og_locale":"eu_ES","og_type":"article","og_title":"Brenda Linero irabazi zuen IX. Euskadiko Ostalaritza Eskolen Eusko Label lehiaketa EGIBIDE-Mendizorrotzan - egibide.org","og_url":"https:\/\/www.egibide.org\/eu\/brenda-linero-irabazi-zuen-ix-euskadiko-ostalaritza-eskolen-eusko-label-lehiaketa-egibide-mendizorrotzan\/","og_site_name":"egibide.org","article_publisher":"https:\/\/www.facebook.com\/Egibide\/","article_published_time":"2018-02-22T12:32:38+00:00","article_modified_time":"2018-02-22T12:36:13+00:00","og_image":[{"width":1030,"height":579,"url":"https:\/\/www.egibide.org\/file\/2018\/02\/20180220_IX-Concurso-Eusko-Label-1-1030x579.jpg","type":"image\/jpeg"}],"author":"Aitor","schema":{"@context":"https:\/\/schema.org","@graph":[{"@type":"Article","@id":"https:\/\/www.egibide.org\/eu\/brenda-linero-irabazi-zuen-ix-euskadiko-ostalaritza-eskolen-eusko-label-lehiaketa-egibide-mendizorrotzan\/#article","isPartOf":{"@id":"https:\/\/www.egibide.org\/eu\/brenda-linero-irabazi-zuen-ix-euskadiko-ostalaritza-eskolen-eusko-label-lehiaketa-egibide-mendizorrotzan\/"},"author":{"name":"Aitor","@id":"https:\/\/www.egibide.org\/#\/schema\/person\/358dedb23bb7184fc0741df22e2a1c14"},"headline":"Brenda Linero irabazi zuen IX. Euskadiko Ostalaritza Eskolen Eusko Label lehiaketa EGIBIDE-Mendizorrotzan","datePublished":"2018-02-22T12:32:38+00:00","dateModified":"2018-02-22T12:36:13+00:00","mainEntityOfPage":{"@id":"https:\/\/www.egibide.org\/eu\/brenda-linero-irabazi-zuen-ix-euskadiko-ostalaritza-eskolen-eusko-label-lehiaketa-egibide-mendizorrotzan\/"},"wordCount":268,"publisher":{"@id":"https:\/\/www.egibide.org\/#organization"},"image":{"@id":"https:\/\/www.egibide.org\/eu\/brenda-linero-irabazi-zuen-ix-euskadiko-ostalaritza-eskolen-eusko-label-lehiaketa-egibide-mendizorrotzan\/#primaryimage"},"thumbnailUrl":"https:\/\/www.egibide.org\/file\/2018\/02\/20180220_IX-Concurso-Eusko-Label-1.jpg","articleSection":["General","Mendizorrotza"],"inLanguage":"eu-ES"},{"@type":"WebPage","@id":"https:\/\/www.egibide.org\/eu\/brenda-linero-irabazi-zuen-ix-euskadiko-ostalaritza-eskolen-eusko-label-lehiaketa-egibide-mendizorrotzan\/","url":"https:\/\/www.egibide.org\/eu\/brenda-linero-irabazi-zuen-ix-euskadiko-ostalaritza-eskolen-eusko-label-lehiaketa-egibide-mendizorrotzan\/","name":"Brenda Linero irabazi zuen IX. Euskadiko Ostalaritza Eskolen Eusko Label lehiaketa EGIBIDE-Mendizorrotzan - egibide.org","isPartOf":{"@id":"https:\/\/www.egibide.org\/#website"},"primaryImageOfPage":{"@id":"https:\/\/www.egibide.org\/eu\/brenda-linero-irabazi-zuen-ix-euskadiko-ostalaritza-eskolen-eusko-label-lehiaketa-egibide-mendizorrotzan\/#primaryimage"},"image":{"@id":"https:\/\/www.egibide.org\/eu\/brenda-linero-irabazi-zuen-ix-euskadiko-ostalaritza-eskolen-eusko-label-lehiaketa-egibide-mendizorrotzan\/#primaryimage"},"thumbnailUrl":"https:\/\/www.egibide.org\/file\/2018\/02\/20180220_IX-Concurso-Eusko-Label-1.jpg","datePublished":"2018-02-22T12:32:38+00:00","dateModified":"2018-02-22T12:36:13+00:00","inLanguage":"eu-ES","potentialAction":[{"@type":"ReadAction","target":["https:\/\/www.egibide.org\/eu\/brenda-linero-irabazi-zuen-ix-euskadiko-ostalaritza-eskolen-eusko-label-lehiaketa-egibide-mendizorrotzan\/"]}]},{"@type":"ImageObject","inLanguage":"eu-ES","@id":"https:\/\/www.egibide.org\/eu\/brenda-linero-irabazi-zuen-ix-euskadiko-ostalaritza-eskolen-eusko-label-lehiaketa-egibide-mendizorrotzan\/#primaryimage","url":"https:\/\/www.egibide.org\/file\/2018\/02\/20180220_IX-Concurso-Eusko-Label-1.jpg","contentUrl":"https:\/\/www.egibide.org\/file\/2018\/02\/20180220_IX-Concurso-Eusko-Label-1.jpg","width":5312,"height":2988},{"@type":"WebSite","@id":"https:\/\/www.egibide.org\/#website","url":"https:\/\/www.egibide.org\/","name":"egibide.org","description":"Educaci\u00f3n Secundaria y Formaci\u00f3n Profesional","publisher":{"@id":"https:\/\/www.egibide.org\/#organization"},"potentialAction":[{"@type":"SearchAction","target":{"@type":"EntryPoint","urlTemplate":"https:\/\/www.egibide.org\/?s={search_term_string}"},"query-input":{"@type":"PropertyValueSpecification","valueRequired":true,"valueName":"search_term_string"}}],"inLanguage":"eu-ES"},{"@type":"Organization","@id":"https:\/\/www.egibide.org\/#organization","name":"Egibide","url":"https:\/\/www.egibide.org\/","logo":{"@type":"ImageObject","inLanguage":"eu-ES","@id":"https:\/\/www.egibide.org\/#\/schema\/logo\/image\/","url":"https:\/\/www.egibide.org\/file\/2019\/07\/logo_egibide_cuadrado-copia.jpg","contentUrl":"https:\/\/www.egibide.org\/file\/2019\/07\/logo_egibide_cuadrado-copia.jpg","width":1696,"height":701,"caption":"Egibide"},"image":{"@id":"https:\/\/www.egibide.org\/#\/schema\/logo\/image\/"},"sameAs":["https:\/\/www.facebook.com\/Egibide\/","https:\/\/x.com\/egibide","https:\/\/www.youtube.com\/user\/Egibide"]},{"@type":"Person","@id":"https:\/\/www.egibide.org\/#\/schema\/person\/358dedb23bb7184fc0741df22e2a1c14","name":"Aitor","image":{"@type":"ImageObject","inLanguage":"eu-ES","@id":"https:\/\/www.egibide.org\/#\/schema\/person\/image\/","url":"https:\/\/secure.gravatar.com\/avatar\/ea8e821d3e0e4ffd530053251ad29e3a5ae9c7f40db58248bc56cb5075379ba3?s=96&d=mm&r=g","contentUrl":"https:\/\/secure.gravatar.com\/avatar\/ea8e821d3e0e4ffd530053251ad29e3a5ae9c7f40db58248bc56cb5075379ba3?s=96&d=mm&r=g","caption":"Aitor"}}]}},"_links":{"self":[{"href":"https:\/\/www.egibide.org\/eu\/wp-json\/wp\/v2\/posts\/13161","targetHints":{"allow":["GET"]}}],"collection":[{"href":"https:\/\/www.egibide.org\/eu\/wp-json\/wp\/v2\/posts"}],"about":[{"href":"https:\/\/www.egibide.org\/eu\/wp-json\/wp\/v2\/types\/post"}],"author":[{"embeddable":true,"href":"https:\/\/www.egibide.org\/eu\/wp-json\/wp\/v2\/users\/37"}],"replies":[{"embeddable":true,"href":"https:\/\/www.egibide.org\/eu\/wp-json\/wp\/v2\/comments?post=13161"}],"version-history":[{"count":0,"href":"https:\/\/www.egibide.org\/eu\/wp-json\/wp\/v2\/posts\/13161\/revisions"}],"wp:featuredmedia":[{"embeddable":true,"href":"https:\/\/www.egibide.org\/eu\/wp-json\/wp\/v2\/media\/13140"}],"wp:attachment":[{"href":"https:\/\/www.egibide.org\/eu\/wp-json\/wp\/v2\/media?parent=13161"}],"wp:term":[{"taxonomy":"category","embeddable":true,"href":"https:\/\/www.egibide.org\/eu\/wp-json\/wp\/v2\/categories?post=13161"},{"taxonomy":"post_tag","embeddable":true,"href":"https:\/\/www.egibide.org\/eu\/wp-json\/wp\/v2\/tags?post=13161"}],"curies":[{"name":"wp","href":"https:\/\/api.w.org\/{rel}","templated":true}]}}