{"id":24213,"date":"2018-06-29T08:32:59","date_gmt":"2018-06-29T06:32:59","guid":{"rendered":"https:\/\/www.egibide.org\/acto-clausura-del-75o-reconocimientos-la-primera-promocion-diocesanas-jesus-obrero\/"},"modified":"2018-07-24T14:29:35","modified_gmt":"2018-07-24T12:29:35","slug":"75-urteurrenaren-amaierako-ekitaldia-diocesanas-jesus-obrero-esker-onak","status":"publish","type":"post","link":"https:\/\/www.egibide.org\/eu\/75-urteurrenaren-amaierako-ekitaldia-diocesanas-jesus-obrero-esker-onak\/","title":{"rendered":"75. urteurrenaren amaierako ekitaldia: Diocesanas-Jesus Obrero Esker Onak"},"content":{"rendered":"\n<style type=\"text\/css\" data-created_by=\"avia_inline_auto\" id=\"style-css-av-jix31m49-cd0e1a684a122976b32cf562a8ec7ba6\">\n.avia-image-container.av-jix31m49-cd0e1a684a122976b32cf562a8ec7ba6 .av-image-caption-overlay-center{\ncolor:#ffffff;\n}\n<\/style>\n<div  class='avia-image-container av-jix31m49-cd0e1a684a122976b32cf562a8ec7ba6 av-styling- avia-align-center  avia-builder-el-0  el_before_av_textblock  avia-builder-el-first  '  itemprop=\"image\" itemscope=\"itemscope\" itemtype=\"https:\/\/schema.org\/ImageObject\" ><div class=\"avia-image-container-inner\"><div class=\"avia-image-overlay-wrap\"><img decoding=\"async\" class='wp-image-24155 avia-img-lazy-loading-not-24155 avia_image' src=\"https:\/\/www.egibide.org\/file\/2018\/06\/20180620-75\u00ba-Egibide-Acto-Clausura-Esker-onak-1-300x179.jpg\" alt='' title='20180620 75\u00ba Egibide (Acto Clausura) Esker onak (1)'  height=\"179\" width=\"300\"  itemprop=\"thumbnailUrl\" srcset=\"https:\/\/www.egibide.org\/file\/2018\/06\/20180620-75\u00ba-Egibide-Acto-Clausura-Esker-onak-1-300x179.jpg 300w, https:\/\/www.egibide.org\/file\/2018\/06\/20180620-75\u00ba-Egibide-Acto-Clausura-Esker-onak-1-768x458.jpg 768w, https:\/\/www.egibide.org\/file\/2018\/06\/20180620-75\u00ba-Egibide-Acto-Clausura-Esker-onak-1-705x420.jpg 705w, https:\/\/www.egibide.org\/file\/2018\/06\/20180620-75\u00ba-Egibide-Acto-Clausura-Esker-onak-1-450x268.jpg 450w, https:\/\/www.egibide.org\/file\/2018\/06\/20180620-75\u00ba-Egibide-Acto-Clausura-Esker-onak-1.jpg 1024w\" sizes=\"(max-width: 300px) 100vw, 300px\" \/><\/div><\/div><\/div>\n<section class=\"av_textblock_section \"  itemscope=\"itemscope\" itemtype=\"https:\/\/schema.org\/BlogPosting\" itemprop=\"blogPost\" ><div class='avia_textblock  '   itemprop=\"text\" ><p><span lang=\"EU\" style=\"font-family: 'Open Sans'; font-size: small; font-style: normal; font-variant-ligatures: normal; font-variant-caps: normal; font-weight: 400; letter-spacing: normal; orphans: 2; text-align: justify; text-indent: 0px; text-transform: none; white-space: normal; widows: 2; word-spacing: 0px; -webkit-text-stroke-width: 0px; background-color: #ffffff; text-decoration-style: initial; text-decoration-color: initial; color: #505050;\">2018ko ekainaren 20an\u00a0<b>Diocesanas, Jes\u00fas Obrero \u201cEGIBIDE\u201dko 75. urteurrenaren ekitaldi programari<\/b>\u00a0itxiera eman genion. Ospakizunean,\u00a0<b>I\u00f1igo Urkullu Lehendakaria, Ramiro Gonz\u00e1lez Arabako Diputatu orokorra, Gorka Urtaran Vitoria-Gasteizko Alkatea, Pedro Elosegi Batzar Nagusietako Lehendakaria, Patronatu osoa eta bere Lehendakaria, Juan Carlos Elizalde Gasteizko Apezpikua eta Elizbarrutiko eta Jesusen Konpainiaren zenbait ordezkarik\u00a0<\/b>parte hartu zuten.<\/span><span style=\"font-family: 'Open Sans'; font-size: small; font-style: normal; font-variant-ligatures: normal; font-variant-caps: normal; font-weight: 400; letter-spacing: normal; orphans: 2; text-align: justify; text-indent: 0px; text-transform: none; white-space: normal; widows: 2; word-spacing: 0px; -webkit-text-stroke-width: 0px; background-color: transparent; text-decoration-style: initial; text-decoration-color: initial; color: #505050;\">\u00a0<\/span><\/p>\n<p><img loading=\"lazy\" decoding=\"async\" class=\"alignnone size-medium wp-image-23748\" src=\"https:\/\/www.egibide.org\/file\/2018\/06\/20180620-75\u00ba-Egibide-Acto-Clausura-Grupos-y-Saludos-76-300x169.jpg\" alt=\"\" width=\"300\" height=\"169\" srcset=\"https:\/\/www.egibide.org\/file\/2018\/06\/20180620-75\u00ba-Egibide-Acto-Clausura-Grupos-y-Saludos-76-300x169.jpg 300w, https:\/\/www.egibide.org\/file\/2018\/06\/20180620-75\u00ba-Egibide-Acto-Clausura-Grupos-y-Saludos-76-768x432.jpg 768w, https:\/\/www.egibide.org\/file\/2018\/06\/20180620-75\u00ba-Egibide-Acto-Clausura-Grupos-y-Saludos-76-1030x579.jpg 1030w, https:\/\/www.egibide.org\/file\/2018\/06\/20180620-75\u00ba-Egibide-Acto-Clausura-Grupos-y-Saludos-76-705x397.jpg 705w, https:\/\/www.egibide.org\/file\/2018\/06\/20180620-75\u00ba-Egibide-Acto-Clausura-Grupos-y-Saludos-76-450x253.jpg 450w, https:\/\/www.egibide.org\/file\/2018\/06\/20180620-75\u00ba-Egibide-Acto-Clausura-Grupos-y-Saludos-76-1320x743.jpg 1320w, https:\/\/www.egibide.org\/file\/2018\/06\/20180620-75\u00ba-Egibide-Acto-Clausura-Grupos-y-Saludos-76.jpg 1328w\" sizes=\"auto, (max-width: 300px) 100vw, 300px\" \/><\/p>\n<p><span style=\"color: #616161; font-family: 'Open Sans'; font-size: small; font-style: normal; font-variant-ligatures: normal; font-variant-caps: normal; font-weight: 400; letter-spacing: normal; orphans: 2; text-align: justify; text-indent: 0px; text-transform: none; white-space: normal; widows: 2; word-spacing: 0px; -webkit-text-stroke-width: 0px; background-color: transparent; text-decoration-style: initial; text-decoration-color: initial;\"><span style=\"color: #505050;\">Jardunaldian Diocesanas eta Jes\u00fas Obreroko lehenengo promozioaren parte izan zirenei esker onak eman zitzaien. 400 pertsona inguru egon ginen Vitoria-Gasteizko Europa Biltzar Nagusiko \u201cMar\u00eda de Maeztu\u201d Aretoan. Bertan ere emozioz beteriko bideoa ikusi genuen 75 urte hauetan zehar bizi izan diren hainbat une erasten zituena\u00a0<\/span><a href=\"https:\/\/www.youtube.com\/watch?v=kHfx4vnI5P4&amp;list=PLMHTfqs7vPNEf_PLrl8Lz7lz-PT85DwuV\"><b><span style=\"color: #0000ff;\">(YOUTUBEko BIDEOA IKUSI<\/span><\/b><span style=\"color: #505050;\">)<\/span><\/a><\/span><span style=\"font-family: 'Open Sans'; font-size: small; font-style: normal; font-variant-ligatures: normal; font-variant-caps: normal; font-weight: 400; letter-spacing: normal; orphans: 2; text-align: justify; text-indent: 0px; text-transform: none; white-space: normal; widows: 2; word-spacing: 0px; -webkit-text-stroke-width: 0px; background-color: transparent; text-decoration-style: initial; text-decoration-color: initial; color: #505050;\">\u00a0<\/span><\/p>\n<p><img loading=\"lazy\" decoding=\"async\" class=\"alignnone size-medium wp-image-23749\" src=\"https:\/\/www.egibide.org\/file\/2018\/06\/20180620-75\u00ba-Egibide-Acto-Clausura-Intervenciones-27-300x200.jpg\" alt=\"\" width=\"300\" height=\"200\" srcset=\"https:\/\/www.egibide.org\/file\/2018\/06\/20180620-75\u00ba-Egibide-Acto-Clausura-Intervenciones-27-300x200.jpg 300w, https:\/\/www.egibide.org\/file\/2018\/06\/20180620-75\u00ba-Egibide-Acto-Clausura-Intervenciones-27-768x512.jpg 768w, https:\/\/www.egibide.org\/file\/2018\/06\/20180620-75\u00ba-Egibide-Acto-Clausura-Intervenciones-27-1030x686.jpg 1030w, https:\/\/www.egibide.org\/file\/2018\/06\/20180620-75\u00ba-Egibide-Acto-Clausura-Intervenciones-27-1500x999.jpg 1500w, https:\/\/www.egibide.org\/file\/2018\/06\/20180620-75\u00ba-Egibide-Acto-Clausura-Intervenciones-27-705x470.jpg 705w, https:\/\/www.egibide.org\/file\/2018\/06\/20180620-75\u00ba-Egibide-Acto-Clausura-Intervenciones-27-450x300.jpg 450w, https:\/\/www.egibide.org\/file\/2018\/06\/20180620-75\u00ba-Egibide-Acto-Clausura-Intervenciones-27-1320x879.jpg 1320w, https:\/\/www.egibide.org\/file\/2018\/06\/20180620-75\u00ba-Egibide-Acto-Clausura-Intervenciones-27.jpg 1600w\" sizes=\"auto, (max-width: 300px) 100vw, 300px\" \/><\/p>\n<p><span lang=\"EU\" style=\"font-family: 'Open Sans'; font-size: 14px; font-style: normal; font-variant-ligatures: normal; font-variant-caps: normal; font-weight: 400; letter-spacing: normal; orphans: 2; text-align: justify; text-indent: 0px; text-transform: none; white-space: normal; widows: 2; word-spacing: 0px; -webkit-text-stroke-width: 0px; background-color: #ffffff; text-decoration-style: initial; text-decoration-color: initial; color: #505050;\"><span style=\"font-size: small;\">Jos\u00e9 Ignacio Eguiz\u00e1bal, EGIBIDEko Zuzendari Orokorra eta Diego Bande, Patronatuaren Lehendakaria jendea agurtzen egon ziren eta guztioi eskerrak eman zizkiguten. Ekitaldian ere Jos\u00e9 Antonio Marina filosofo eta pedagogoa hitz egin zuen eta oroitzapenezko bideo bat eskaini zen. Musikalde Elkartea (<b>Lumturi, Nurat eta Oskarbi Abesbatza<\/b><b>k<\/b>) eta Jungle Beat Swing Eskola eguna girotu ziguten.<\/span><\/span><span style=\"font-family: 'Open Sans'; font-style: normal; font-variant-ligatures: normal; font-variant-caps: normal; font-weight: 400; letter-spacing: normal; orphans: 2; text-align: justify; text-indent: 0px; text-transform: none; white-space: normal; widows: 2; word-spacing: 0px; -webkit-text-stroke-width: 0px; background-color: transparent; text-decoration-style: initial; text-decoration-color: initial; font-size: small; color: #505050;\">\u00a0<\/span><\/p>\n<p style=\"color: #616161; font-family: 'Open Sans'; font-size: 14px; font-style: normal; font-variant-ligatures: normal; font-variant-caps: normal; font-weight: 400; letter-spacing: normal; orphans: 2; text-indent: 0px; text-transform: none; white-space: normal; widows: 2; word-spacing: 0px; -webkit-text-stroke-width: 0px; background-color: #ffffff; text-decoration-style: initial; text-decoration-color: initial; margin-bottom: 5pt; text-align: justify; line-height: 15pt; vertical-align: baseline;\"><strong><span lang=\"EU\"><span style=\"font-size: small;\">Hona hemen zenbait esteka:<\/span><\/span><\/strong><\/p>\n<ul style=\"color: #616161; font-family: 'Open Sans'; font-size: 14px; font-style: normal; font-variant-ligatures: normal; font-variant-caps: normal; font-weight: 400; letter-spacing: normal; orphans: 2; text-align: left; text-indent: 0px; text-transform: none; white-space: normal; widows: 2; word-spacing: 0px; -webkit-text-stroke-width: 0px; background-color: #ffffff; text-decoration-style: initial; text-decoration-color: initial;\">\n<li><strong><a href=\"https:\/\/www.irekia.euskadi.eus\/es\/news\/46984\">IREKIA BIDEOA (Eusko Jaurlaritza)<\/a><\/strong><\/li>\n<li><strong><a href=\"https:\/\/youtu.be\/Nrm1Oc5HVDg\">I BIDEOA (Musikalde Elkartea)<\/a><\/strong><\/li>\n<li><strong><a href=\"https:\/\/youtu.be\/p9jdRnq9lIc\">II BIDEOA (Zuzendariaren hitzaldia)<\/a><\/strong><\/li>\n<li><strong><a href=\"https:\/\/youtu.be\/ieQqJsbt3MI\">III BIDEOA (Jose Antonio Marinaren hitzaldia)<\/a><\/strong><\/li>\n<li><strong><a href=\"https:\/\/youtu.be\/SMzRxbXFlEw\">IV BIDEOA (Esker Onak)<\/a><\/strong><\/li>\n<li><strong><a href=\"https:\/\/youtu.be\/Ll1o8WlRhmo\">V BIDEOA (Swing)<\/a><\/strong><\/li>\n<li><strong><a href=\"https:\/\/youtu.be\/Nrm1Oc5HVDg\">VI BIDEOA (Lehendakariaren hitzaldia)<\/a><\/strong><\/li>\n<\/ul>\n<ul>\n<li>Enlace con todas las fotos realizadas dicho d\u00eda <strong><a href=\"https:\/\/photos.app.goo.gl\/j6N4RDLsTcCZ3UXM6\">(FOTOS)<\/a><\/strong><\/li>\n<\/ul>\n<ul style=\"color: #616161; font-family: 'Open Sans'; font-size: 14px; font-style: normal; font-variant-ligatures: normal; font-variant-caps: normal; font-weight: 400; letter-spacing: normal; orphans: 2; text-align: left; text-indent: 0px; text-transform: none; white-space: normal; widows: 2; word-spacing: 0px; -webkit-text-stroke-width: 0px; background-color: #ffffff; text-decoration-style: initial; text-decoration-color: initial;\">\n<li><span style=\"font-size: small;\">Argazki guztiak\u00a0\u00a0<b><a href=\"https:\/\/photos.app.goo.gl\/j6N4RDLsTcCZ3UXM6\" target=\"_blank\" rel=\"noopener\">(ARGAZKIAK)<\/a><\/b><\/span><\/li>\n<\/ul>\n<p style=\"text-align: center;\"><strong>AINTZATESPENA JASO ZUTEN PERTSONEN ZERRENDA<\/strong><\/p>\n<p><strong><img loading=\"lazy\" decoding=\"async\" class=\"alignnone size-medium wp-image-23728\" src=\"https:\/\/www.egibide.org\/file\/2018\/06\/20180620-75\u00ba-Egibide-Esker-onak-Araceli-Garc\u00eda-Garc\u00eda-de-Cort\u00e1zar-300x200.jpg\" alt=\"\" width=\"300\" height=\"200\" srcset=\"https:\/\/www.egibide.org\/file\/2018\/06\/20180620-75\u00ba-Egibide-Esker-onak-Araceli-Garc\u00eda-Garc\u00eda-de-Cort\u00e1zar-300x200.jpg 300w, https:\/\/www.egibide.org\/file\/2018\/06\/20180620-75\u00ba-Egibide-Esker-onak-Araceli-Garc\u00eda-Garc\u00eda-de-Cort\u00e1zar-768x512.jpg 768w, https:\/\/www.egibide.org\/file\/2018\/06\/20180620-75\u00ba-Egibide-Esker-onak-Araceli-Garc\u00eda-Garc\u00eda-de-Cort\u00e1zar-1030x687.jpg 1030w, https:\/\/www.egibide.org\/file\/2018\/06\/20180620-75\u00ba-Egibide-Esker-onak-Araceli-Garc\u00eda-Garc\u00eda-de-Cort\u00e1zar-1500x1000.jpg 1500w, https:\/\/www.egibide.org\/file\/2018\/06\/20180620-75\u00ba-Egibide-Esker-onak-Araceli-Garc\u00eda-Garc\u00eda-de-Cort\u00e1zar-705x470.jpg 705w, https:\/\/www.egibide.org\/file\/2018\/06\/20180620-75\u00ba-Egibide-Esker-onak-Araceli-Garc\u00eda-Garc\u00eda-de-Cort\u00e1zar-450x300.jpg 450w, https:\/\/www.egibide.org\/file\/2018\/06\/20180620-75\u00ba-Egibide-Esker-onak-Araceli-Garc\u00eda-Garc\u00eda-de-Cort\u00e1zar-1320x880.jpg 1320w\" sizes=\"auto, (max-width: 300px) 100vw, 300px\" \/><\/strong><\/p>\n<p><strong>ARACELI GARC\u00cdA GARC\u00cdA DE CORT\u00c1ZAR<\/strong><br \/>\nEntreg\u00f3 Bel\u00e9n Pinacho en representaci\u00f3n de todas las Asociaciones de Madres y Padres de EGIBIDE<\/p>\n<p><img loading=\"lazy\" decoding=\"async\" class=\"alignnone size-medium wp-image-23740\" src=\"https:\/\/www.egibide.org\/file\/2018\/06\/20180620-75\u00ba-Egibide-Esker-onak-Jos\u00e9-Antonio-Rozas-Galar2-300x200.jpg\" alt=\"\" width=\"300\" height=\"200\" srcset=\"https:\/\/www.egibide.org\/file\/2018\/06\/20180620-75\u00ba-Egibide-Esker-onak-Jos\u00e9-Antonio-Rozas-Galar2-300x200.jpg 300w, https:\/\/www.egibide.org\/file\/2018\/06\/20180620-75\u00ba-Egibide-Esker-onak-Jos\u00e9-Antonio-Rozas-Galar2-768x512.jpg 768w, https:\/\/www.egibide.org\/file\/2018\/06\/20180620-75\u00ba-Egibide-Esker-onak-Jos\u00e9-Antonio-Rozas-Galar2-1030x687.jpg 1030w, https:\/\/www.egibide.org\/file\/2018\/06\/20180620-75\u00ba-Egibide-Esker-onak-Jos\u00e9-Antonio-Rozas-Galar2-1500x1000.jpg 1500w, https:\/\/www.egibide.org\/file\/2018\/06\/20180620-75\u00ba-Egibide-Esker-onak-Jos\u00e9-Antonio-Rozas-Galar2-705x470.jpg 705w, https:\/\/www.egibide.org\/file\/2018\/06\/20180620-75\u00ba-Egibide-Esker-onak-Jos\u00e9-Antonio-Rozas-Galar2-450x300.jpg 450w, https:\/\/www.egibide.org\/file\/2018\/06\/20180620-75\u00ba-Egibide-Esker-onak-Jos\u00e9-Antonio-Rozas-Galar2-1320x880.jpg 1320w\" sizes=\"auto, (max-width: 300px) 100vw, 300px\" \/><\/p>\n<p><strong>JOS\u00c9 ANTONIO ROZAS GALAR<\/strong><br \/>\nEntreg\u00f3 Jorge Urrutia, quien fuera Director General de Egibide<\/p>\n<p><img loading=\"lazy\" decoding=\"async\" class=\"alignnone size-medium wp-image-23739\" src=\"https:\/\/www.egibide.org\/file\/2018\/06\/20180620-75\u00ba-Egibide-Esker-onak-Francisco-P\u00e9rez-Alfageme-300x200.jpg\" alt=\"\" width=\"300\" height=\"200\" srcset=\"https:\/\/www.egibide.org\/file\/2018\/06\/20180620-75\u00ba-Egibide-Esker-onak-Francisco-P\u00e9rez-Alfageme-300x200.jpg 300w, https:\/\/www.egibide.org\/file\/2018\/06\/20180620-75\u00ba-Egibide-Esker-onak-Francisco-P\u00e9rez-Alfageme-768x512.jpg 768w, https:\/\/www.egibide.org\/file\/2018\/06\/20180620-75\u00ba-Egibide-Esker-onak-Francisco-P\u00e9rez-Alfageme-1030x687.jpg 1030w, https:\/\/www.egibide.org\/file\/2018\/06\/20180620-75\u00ba-Egibide-Esker-onak-Francisco-P\u00e9rez-Alfageme-1500x1000.jpg 1500w, https:\/\/www.egibide.org\/file\/2018\/06\/20180620-75\u00ba-Egibide-Esker-onak-Francisco-P\u00e9rez-Alfageme-705x470.jpg 705w, https:\/\/www.egibide.org\/file\/2018\/06\/20180620-75\u00ba-Egibide-Esker-onak-Francisco-P\u00e9rez-Alfageme-450x300.jpg 450w, https:\/\/www.egibide.org\/file\/2018\/06\/20180620-75\u00ba-Egibide-Esker-onak-Francisco-P\u00e9rez-Alfageme-1320x880.jpg 1320w\" sizes=\"auto, (max-width: 300px) 100vw, 300px\" \/><\/p>\n<p><strong>FRANCISCO P\u00c9REZ ALFAGEME<\/strong><br \/>\nEntreg\u00f3 Jos\u00e9 Antonio Abarca, del Patronato<\/p>\n<p><img loading=\"lazy\" decoding=\"async\" class=\"alignnone size-medium wp-image-23731\" src=\"https:\/\/www.egibide.org\/file\/2018\/06\/20180620-75\u00ba-Egibide-Evaristo-Mart\u00ednez-de-Iturrate-L\u00f3pez-de-Heredia-300x200.jpg\" alt=\"\" width=\"300\" height=\"200\" srcset=\"https:\/\/www.egibide.org\/file\/2018\/06\/20180620-75\u00ba-Egibide-Evaristo-Mart\u00ednez-de-Iturrate-L\u00f3pez-de-Heredia-300x200.jpg 300w, https:\/\/www.egibide.org\/file\/2018\/06\/20180620-75\u00ba-Egibide-Evaristo-Mart\u00ednez-de-Iturrate-L\u00f3pez-de-Heredia-768x512.jpg 768w, https:\/\/www.egibide.org\/file\/2018\/06\/20180620-75\u00ba-Egibide-Evaristo-Mart\u00ednez-de-Iturrate-L\u00f3pez-de-Heredia-1030x687.jpg 1030w, https:\/\/www.egibide.org\/file\/2018\/06\/20180620-75\u00ba-Egibide-Evaristo-Mart\u00ednez-de-Iturrate-L\u00f3pez-de-Heredia-1500x1000.jpg 1500w, https:\/\/www.egibide.org\/file\/2018\/06\/20180620-75\u00ba-Egibide-Evaristo-Mart\u00ednez-de-Iturrate-L\u00f3pez-de-Heredia-705x470.jpg 705w, https:\/\/www.egibide.org\/file\/2018\/06\/20180620-75\u00ba-Egibide-Evaristo-Mart\u00ednez-de-Iturrate-L\u00f3pez-de-Heredia-450x300.jpg 450w, https:\/\/www.egibide.org\/file\/2018\/06\/20180620-75\u00ba-Egibide-Evaristo-Mart\u00ednez-de-Iturrate-L\u00f3pez-de-Heredia-1320x880.jpg 1320w\" sizes=\"auto, (max-width: 300px) 100vw, 300px\" \/><\/p>\n<p><strong>E<\/strong><strong>VARISTO MART\u00cdNEZ DE ITURRATE L\u00d3PEZ DE HEREDIA<\/strong><br \/>\nEntreg\u00f3 Laura Fern\u00e1ndez de Carranza, del Patronato<\/p>\n<p><img loading=\"lazy\" decoding=\"async\" class=\"alignnone size-medium wp-image-23744\" src=\"https:\/\/www.egibide.org\/file\/2018\/06\/20180620-75\u00ba-Egibide-Pilar-hermana-de-Vicenta-Tejedor-Mato-300x200.jpg\" alt=\"\" width=\"300\" height=\"200\" srcset=\"https:\/\/www.egibide.org\/file\/2018\/06\/20180620-75\u00ba-Egibide-Pilar-hermana-de-Vicenta-Tejedor-Mato-300x200.jpg 300w, https:\/\/www.egibide.org\/file\/2018\/06\/20180620-75\u00ba-Egibide-Pilar-hermana-de-Vicenta-Tejedor-Mato-768x512.jpg 768w, https:\/\/www.egibide.org\/file\/2018\/06\/20180620-75\u00ba-Egibide-Pilar-hermana-de-Vicenta-Tejedor-Mato-1030x687.jpg 1030w, https:\/\/www.egibide.org\/file\/2018\/06\/20180620-75\u00ba-Egibide-Pilar-hermana-de-Vicenta-Tejedor-Mato-1500x1000.jpg 1500w, https:\/\/www.egibide.org\/file\/2018\/06\/20180620-75\u00ba-Egibide-Pilar-hermana-de-Vicenta-Tejedor-Mato-705x470.jpg 705w, https:\/\/www.egibide.org\/file\/2018\/06\/20180620-75\u00ba-Egibide-Pilar-hermana-de-Vicenta-Tejedor-Mato-450x300.jpg 450w, https:\/\/www.egibide.org\/file\/2018\/06\/20180620-75\u00ba-Egibide-Pilar-hermana-de-Vicenta-Tejedor-Mato-1320x880.jpg 1320w\" sizes=\"auto, (max-width: 300px) 100vw, 300px\" \/><\/p>\n<p><strong>V<\/strong><strong>ICENTA TEJEDOR MATO<\/strong> (recogi\u00f3 su hermana,<strong><span style=\"display: inline !important; float: none; background-color: transparent; color: #333333; cursor: text; font-family: Georgia,'Times New Roman','Bitstream Charter',Times,serif; font-size: 16px; font-style: normal; font-variant: normal; font-weight: 400; letter-spacing: normal; orphans: 2; text-align: left; text-decoration: none; text-indent: 0px; text-transform: none; -webkit-text-stroke-width: 0px; white-space: normal; word-spacing: 0px;\"> Pilar Tejedor Mato)<\/span><\/strong><br \/>\nEntreg\u00f3 Idoia Ruiz de Gordoa, del Patronato<\/p>\n<p><img loading=\"lazy\" decoding=\"async\" class=\"alignnone size-medium wp-image-23741\" src=\"https:\/\/www.egibide.org\/file\/2018\/06\/20180620-75\u00ba-Egibide-Esker-onak-Miguel-Armentia-Baroja-300x200.jpg\" alt=\"\" width=\"300\" height=\"200\" srcset=\"https:\/\/www.egibide.org\/file\/2018\/06\/20180620-75\u00ba-Egibide-Esker-onak-Miguel-Armentia-Baroja-300x200.jpg 300w, https:\/\/www.egibide.org\/file\/2018\/06\/20180620-75\u00ba-Egibide-Esker-onak-Miguel-Armentia-Baroja-768x512.jpg 768w, https:\/\/www.egibide.org\/file\/2018\/06\/20180620-75\u00ba-Egibide-Esker-onak-Miguel-Armentia-Baroja-1030x687.jpg 1030w, https:\/\/www.egibide.org\/file\/2018\/06\/20180620-75\u00ba-Egibide-Esker-onak-Miguel-Armentia-Baroja-1500x1000.jpg 1500w, https:\/\/www.egibide.org\/file\/2018\/06\/20180620-75\u00ba-Egibide-Esker-onak-Miguel-Armentia-Baroja-705x470.jpg 705w, https:\/\/www.egibide.org\/file\/2018\/06\/20180620-75\u00ba-Egibide-Esker-onak-Miguel-Armentia-Baroja-450x300.jpg 450w, https:\/\/www.egibide.org\/file\/2018\/06\/20180620-75\u00ba-Egibide-Esker-onak-Miguel-Armentia-Baroja-1320x880.jpg 1320w\" sizes=\"auto, (max-width: 300px) 100vw, 300px\" \/><\/p>\n<p><strong>MIGUEL ARMENTIA BAROJA\u00a0<\/strong><br \/>\nEntreg\u00f3 Carlos Garc\u00eda Llata, del Patronato<\/p>\n<p><img loading=\"lazy\" decoding=\"async\" class=\"alignnone size-medium wp-image-23742\" src=\"https:\/\/www.egibide.org\/file\/2018\/06\/20180620-Egibide-El\u00edas-hijo-El\u00edas-S\u00e1ez-de-Cer\u00e1in-Fdez.-de-Troc\u00f3niz-300x200.jpg\" alt=\"\" width=\"300\" height=\"200\" srcset=\"https:\/\/www.egibide.org\/file\/2018\/06\/20180620-Egibide-El\u00edas-hijo-El\u00edas-S\u00e1ez-de-Cer\u00e1in-Fdez.-de-Troc\u00f3niz-300x200.jpg 300w, https:\/\/www.egibide.org\/file\/2018\/06\/20180620-Egibide-El\u00edas-hijo-El\u00edas-S\u00e1ez-de-Cer\u00e1in-Fdez.-de-Troc\u00f3niz-768x512.jpg 768w, https:\/\/www.egibide.org\/file\/2018\/06\/20180620-Egibide-El\u00edas-hijo-El\u00edas-S\u00e1ez-de-Cer\u00e1in-Fdez.-de-Troc\u00f3niz-1030x687.jpg 1030w, https:\/\/www.egibide.org\/file\/2018\/06\/20180620-Egibide-El\u00edas-hijo-El\u00edas-S\u00e1ez-de-Cer\u00e1in-Fdez.-de-Troc\u00f3niz-1500x1000.jpg 1500w, https:\/\/www.egibide.org\/file\/2018\/06\/20180620-Egibide-El\u00edas-hijo-El\u00edas-S\u00e1ez-de-Cer\u00e1in-Fdez.-de-Troc\u00f3niz-705x470.jpg 705w, https:\/\/www.egibide.org\/file\/2018\/06\/20180620-Egibide-El\u00edas-hijo-El\u00edas-S\u00e1ez-de-Cer\u00e1in-Fdez.-de-Troc\u00f3niz-450x300.jpg 450w, https:\/\/www.egibide.org\/file\/2018\/06\/20180620-Egibide-El\u00edas-hijo-El\u00edas-S\u00e1ez-de-Cer\u00e1in-Fdez.-de-Troc\u00f3niz-1320x880.jpg 1320w\" sizes=\"auto, (max-width: 300px) 100vw, 300px\" \/><\/p>\n<p><strong>EL\u00cdAS S\u00c1EZ DE CERAIN<\/strong> <strong>FERN\u00c1NDEZ DE TROC\u00d3NIZ<\/strong> (recogi\u00f3 El\u00edas S\u00e1ez de Cerain, hijo)<br \/>\nEntreg\u00f3 Pilar Garc\u00eda de Salazar, Teniente Diputado General<\/p>\n<p><img loading=\"lazy\" decoding=\"async\" class=\"alignnone size-medium wp-image-23745\" src=\"https:\/\/www.egibide.org\/file\/2018\/06\/20180620-75\u00ba-Mili-Ortiz-de-Zarate-viuda-de-Segundo-Feros-Guerra-300x200.jpg\" alt=\"\" width=\"300\" height=\"200\" srcset=\"https:\/\/www.egibide.org\/file\/2018\/06\/20180620-75\u00ba-Mili-Ortiz-de-Zarate-viuda-de-Segundo-Feros-Guerra-300x200.jpg 300w, https:\/\/www.egibide.org\/file\/2018\/06\/20180620-75\u00ba-Mili-Ortiz-de-Zarate-viuda-de-Segundo-Feros-Guerra-768x512.jpg 768w, https:\/\/www.egibide.org\/file\/2018\/06\/20180620-75\u00ba-Mili-Ortiz-de-Zarate-viuda-de-Segundo-Feros-Guerra-1030x687.jpg 1030w, https:\/\/www.egibide.org\/file\/2018\/06\/20180620-75\u00ba-Mili-Ortiz-de-Zarate-viuda-de-Segundo-Feros-Guerra-1500x1000.jpg 1500w, https:\/\/www.egibide.org\/file\/2018\/06\/20180620-75\u00ba-Mili-Ortiz-de-Zarate-viuda-de-Segundo-Feros-Guerra-705x470.jpg 705w, https:\/\/www.egibide.org\/file\/2018\/06\/20180620-75\u00ba-Mili-Ortiz-de-Zarate-viuda-de-Segundo-Feros-Guerra-450x300.jpg 450w, https:\/\/www.egibide.org\/file\/2018\/06\/20180620-75\u00ba-Mili-Ortiz-de-Zarate-viuda-de-Segundo-Feros-Guerra-1320x880.jpg 1320w\" sizes=\"auto, (max-width: 300px) 100vw, 300px\" \/><\/p>\n<p><strong>SEGUNDO FEROS GUERRA<\/strong> (Recogi\u00f3 su viuda, Mili Ortiz de Zarate)<br \/>\nEntreg\u00f3 Ricardo Angulo, miembro del Patronato Fundaci\u00f3n Diocesanas-Jes\u00fas Obrero Fundazioa<\/p>\n<p><img loading=\"lazy\" decoding=\"async\" class=\"alignnone size-medium wp-image-23738\" src=\"https:\/\/www.egibide.org\/file\/2018\/06\/20180620-75\u00ba-Egibide-Esker-onak-Constantino-Beitia-P\u00e9rez-de-Heredia-300x200.jpg\" alt=\"\" width=\"300\" height=\"200\" srcset=\"https:\/\/www.egibide.org\/file\/2018\/06\/20180620-75\u00ba-Egibide-Esker-onak-Constantino-Beitia-P\u00e9rez-de-Heredia-300x200.jpg 300w, https:\/\/www.egibide.org\/file\/2018\/06\/20180620-75\u00ba-Egibide-Esker-onak-Constantino-Beitia-P\u00e9rez-de-Heredia-768x512.jpg 768w, https:\/\/www.egibide.org\/file\/2018\/06\/20180620-75\u00ba-Egibide-Esker-onak-Constantino-Beitia-P\u00e9rez-de-Heredia-1030x687.jpg 1030w, https:\/\/www.egibide.org\/file\/2018\/06\/20180620-75\u00ba-Egibide-Esker-onak-Constantino-Beitia-P\u00e9rez-de-Heredia-1500x1000.jpg 1500w, https:\/\/www.egibide.org\/file\/2018\/06\/20180620-75\u00ba-Egibide-Esker-onak-Constantino-Beitia-P\u00e9rez-de-Heredia-705x470.jpg 705w, https:\/\/www.egibide.org\/file\/2018\/06\/20180620-75\u00ba-Egibide-Esker-onak-Constantino-Beitia-P\u00e9rez-de-Heredia-450x300.jpg 450w, https:\/\/www.egibide.org\/file\/2018\/06\/20180620-75\u00ba-Egibide-Esker-onak-Constantino-Beitia-P\u00e9rez-de-Heredia-1320x880.jpg 1320w\" sizes=\"auto, (max-width: 300px) 100vw, 300px\" \/><\/p>\n<p><strong>CONSTANTINO BEITIA P\u00c9REZ DE HEREDIA<\/strong><br \/>\nEntreg\u00f3 Cristina Uriarte, Consejera de Educaci\u00f3n<\/p>\n<p><img loading=\"lazy\" decoding=\"async\" class=\"alignnone size-medium wp-image-23736\" src=\"https:\/\/www.egibide.org\/file\/2018\/06\/20180620-75\u00ba-Egibide-Luis-Mart\u00ednez-de-Aguirre-Ortiz-de-Zarate-300x200.jpg\" alt=\"\" width=\"300\" height=\"200\" srcset=\"https:\/\/www.egibide.org\/file\/2018\/06\/20180620-75\u00ba-Egibide-Luis-Mart\u00ednez-de-Aguirre-Ortiz-de-Zarate-300x200.jpg 300w, https:\/\/www.egibide.org\/file\/2018\/06\/20180620-75\u00ba-Egibide-Luis-Mart\u00ednez-de-Aguirre-Ortiz-de-Zarate-768x512.jpg 768w, https:\/\/www.egibide.org\/file\/2018\/06\/20180620-75\u00ba-Egibide-Luis-Mart\u00ednez-de-Aguirre-Ortiz-de-Zarate-1030x687.jpg 1030w, https:\/\/www.egibide.org\/file\/2018\/06\/20180620-75\u00ba-Egibide-Luis-Mart\u00ednez-de-Aguirre-Ortiz-de-Zarate-1500x1000.jpg 1500w, https:\/\/www.egibide.org\/file\/2018\/06\/20180620-75\u00ba-Egibide-Luis-Mart\u00ednez-de-Aguirre-Ortiz-de-Zarate-705x470.jpg 705w, https:\/\/www.egibide.org\/file\/2018\/06\/20180620-75\u00ba-Egibide-Luis-Mart\u00ednez-de-Aguirre-Ortiz-de-Zarate-450x300.jpg 450w, https:\/\/www.egibide.org\/file\/2018\/06\/20180620-75\u00ba-Egibide-Luis-Mart\u00ednez-de-Aguirre-Ortiz-de-Zarate-1320x880.jpg 1320w\" sizes=\"auto, (max-width: 300px) 100vw, 300px\" \/><\/p>\n<p><strong>LUIS MARTINEZ DE AGUIRRE ORTIZ DE ZARATE<\/strong><br \/>\nEntreg\u00f3 Beatriz Artolazabal, Consejera de Empleo<\/p>\n<p><img loading=\"lazy\" decoding=\"async\" class=\"alignnone size-medium wp-image-23737\" src=\"https:\/\/www.egibide.org\/file\/2018\/06\/20180620-75\u00ba-Egibide-Esker-onak-Alfredo-Mart\u00ednez-Gonz\u00e1lez-300x216.jpg\" alt=\"\" width=\"300\" height=\"216\" srcset=\"https:\/\/www.egibide.org\/file\/2018\/06\/20180620-75\u00ba-Egibide-Esker-onak-Alfredo-Mart\u00ednez-Gonz\u00e1lez-300x216.jpg 300w, https:\/\/www.egibide.org\/file\/2018\/06\/20180620-75\u00ba-Egibide-Esker-onak-Alfredo-Mart\u00ednez-Gonz\u00e1lez-768x552.jpg 768w, https:\/\/www.egibide.org\/file\/2018\/06\/20180620-75\u00ba-Egibide-Esker-onak-Alfredo-Mart\u00ednez-Gonz\u00e1lez-1030x740.jpg 1030w, https:\/\/www.egibide.org\/file\/2018\/06\/20180620-75\u00ba-Egibide-Esker-onak-Alfredo-Mart\u00ednez-Gonz\u00e1lez-1500x1078.jpg 1500w, https:\/\/www.egibide.org\/file\/2018\/06\/20180620-75\u00ba-Egibide-Esker-onak-Alfredo-Mart\u00ednez-Gonz\u00e1lez-705x506.jpg 705w, https:\/\/www.egibide.org\/file\/2018\/06\/20180620-75\u00ba-Egibide-Esker-onak-Alfredo-Mart\u00ednez-Gonz\u00e1lez-450x323.jpg 450w, https:\/\/www.egibide.org\/file\/2018\/06\/20180620-75\u00ba-Egibide-Esker-onak-Alfredo-Mart\u00ednez-Gonz\u00e1lez-1320x948.jpg 1320w\" sizes=\"auto, (max-width: 300px) 100vw, 300px\" \/><\/p>\n<p><strong>ALFREDO MART\u00cdNEZ GONZ\u00c1LEZ<\/strong><br \/>\nEntreg\u00f3 Cristina Gonz\u00e1lez, Diputada Foral de Empleo<\/p>\n<p><img loading=\"lazy\" decoding=\"async\" class=\"alignnone size-medium wp-image-23746\" src=\"https:\/\/www.egibide.org\/file\/2018\/06\/20180620-Bego\u00f1a-Teller\u00eda-viuda-de-Ricardo-L\u00f3pez-de-Calle-300x200.jpg\" alt=\"\" width=\"300\" height=\"200\" srcset=\"https:\/\/www.egibide.org\/file\/2018\/06\/20180620-Bego\u00f1a-Teller\u00eda-viuda-de-Ricardo-L\u00f3pez-de-Calle-300x200.jpg 300w, https:\/\/www.egibide.org\/file\/2018\/06\/20180620-Bego\u00f1a-Teller\u00eda-viuda-de-Ricardo-L\u00f3pez-de-Calle-768x512.jpg 768w, https:\/\/www.egibide.org\/file\/2018\/06\/20180620-Bego\u00f1a-Teller\u00eda-viuda-de-Ricardo-L\u00f3pez-de-Calle-1030x687.jpg 1030w, https:\/\/www.egibide.org\/file\/2018\/06\/20180620-Bego\u00f1a-Teller\u00eda-viuda-de-Ricardo-L\u00f3pez-de-Calle-1500x1000.jpg 1500w, https:\/\/www.egibide.org\/file\/2018\/06\/20180620-Bego\u00f1a-Teller\u00eda-viuda-de-Ricardo-L\u00f3pez-de-Calle-705x470.jpg 705w, https:\/\/www.egibide.org\/file\/2018\/06\/20180620-Bego\u00f1a-Teller\u00eda-viuda-de-Ricardo-L\u00f3pez-de-Calle-450x300.jpg 450w, https:\/\/www.egibide.org\/file\/2018\/06\/20180620-Bego\u00f1a-Teller\u00eda-viuda-de-Ricardo-L\u00f3pez-de-Calle-1320x880.jpg 1320w\" sizes=\"auto, (max-width: 300px) 100vw, 300px\" \/><\/p>\n<p><strong>RICARDO L\u00d3PEZ DE CALLE ORTIZ DEL R\u00cdO<\/strong> (recogi\u00f3 su viuda, Bego\u00f1a Teller\u00eda Miguel)<br \/>\nEntreg\u00f3 Pedro Elosegi, Presidente de Juntas Generales de Alava<\/p>\n<p><img loading=\"lazy\" decoding=\"async\" class=\"alignnone size-medium wp-image-23747\" src=\"https:\/\/www.egibide.org\/file\/2018\/06\/20180620-75\u00ba-Egibide-Jos\u00e9-Luis-Eguiluz-Eguiluz-1-300x200.jpg\" alt=\"\" width=\"300\" height=\"200\" srcset=\"https:\/\/www.egibide.org\/file\/2018\/06\/20180620-75\u00ba-Egibide-Jos\u00e9-Luis-Eguiluz-Eguiluz-1-300x200.jpg 300w, https:\/\/www.egibide.org\/file\/2018\/06\/20180620-75\u00ba-Egibide-Jos\u00e9-Luis-Eguiluz-Eguiluz-1-768x512.jpg 768w, https:\/\/www.egibide.org\/file\/2018\/06\/20180620-75\u00ba-Egibide-Jos\u00e9-Luis-Eguiluz-Eguiluz-1-1030x687.jpg 1030w, https:\/\/www.egibide.org\/file\/2018\/06\/20180620-75\u00ba-Egibide-Jos\u00e9-Luis-Eguiluz-Eguiluz-1-1500x1000.jpg 1500w, https:\/\/www.egibide.org\/file\/2018\/06\/20180620-75\u00ba-Egibide-Jos\u00e9-Luis-Eguiluz-Eguiluz-1-705x470.jpg 705w, https:\/\/www.egibide.org\/file\/2018\/06\/20180620-75\u00ba-Egibide-Jos\u00e9-Luis-Eguiluz-Eguiluz-1-450x300.jpg 450w, https:\/\/www.egibide.org\/file\/2018\/06\/20180620-75\u00ba-Egibide-Jos\u00e9-Luis-Eguiluz-Eguiluz-1-1320x880.jpg 1320w\" sizes=\"auto, (max-width: 300px) 100vw, 300px\" \/><\/p>\n<p><strong>JOS\u00c9 LUIS EGUILUZ RUIZ<\/strong><br \/>\nEntreg\u00f3 el Presidente de la Comisi\u00f3n Ejecutiva del Patronato, Diego Bande<\/p>\n<p><img loading=\"lazy\" decoding=\"async\" class=\"alignnone size-medium wp-image-23733\" src=\"https:\/\/www.egibide.org\/file\/2018\/06\/20180620-75\u00ba-Egibide-Isidro-V\u00e9lez-de-Mendizabal-Zufiaur-300x200.jpg\" alt=\"\" width=\"300\" height=\"200\" srcset=\"https:\/\/www.egibide.org\/file\/2018\/06\/20180620-75\u00ba-Egibide-Isidro-V\u00e9lez-de-Mendizabal-Zufiaur-300x200.jpg 300w, https:\/\/www.egibide.org\/file\/2018\/06\/20180620-75\u00ba-Egibide-Isidro-V\u00e9lez-de-Mendizabal-Zufiaur-768x512.jpg 768w, https:\/\/www.egibide.org\/file\/2018\/06\/20180620-75\u00ba-Egibide-Isidro-V\u00e9lez-de-Mendizabal-Zufiaur-1030x687.jpg 1030w, https:\/\/www.egibide.org\/file\/2018\/06\/20180620-75\u00ba-Egibide-Isidro-V\u00e9lez-de-Mendizabal-Zufiaur-1500x1000.jpg 1500w, https:\/\/www.egibide.org\/file\/2018\/06\/20180620-75\u00ba-Egibide-Isidro-V\u00e9lez-de-Mendizabal-Zufiaur-705x470.jpg 705w, https:\/\/www.egibide.org\/file\/2018\/06\/20180620-75\u00ba-Egibide-Isidro-V\u00e9lez-de-Mendizabal-Zufiaur-450x300.jpg 450w, https:\/\/www.egibide.org\/file\/2018\/06\/20180620-75\u00ba-Egibide-Isidro-V\u00e9lez-de-Mendizabal-Zufiaur-1320x880.jpg 1320w\" sizes=\"auto, (max-width: 300px) 100vw, 300px\" \/><\/p>\n<p><strong>ISIDRO V\u00c9LEZ DE MENDIZABAL ZUFIAUR<\/strong><br \/>\nEntreg\u00f3 el Alcalde de Vitoria-Gasteiz, Gorka Urtaran<\/p>\n<p><img loading=\"lazy\" decoding=\"async\" class=\"alignnone size-medium wp-image-23729\" src=\"https:\/\/www.egibide.org\/file\/2018\/06\/20180620-75\u00ba-Egibide-Eduardo-Manzanedo-Garc\u00eda-300x200.jpg\" alt=\"\" width=\"300\" height=\"200\" srcset=\"https:\/\/www.egibide.org\/file\/2018\/06\/20180620-75\u00ba-Egibide-Eduardo-Manzanedo-Garc\u00eda-300x200.jpg 300w, https:\/\/www.egibide.org\/file\/2018\/06\/20180620-75\u00ba-Egibide-Eduardo-Manzanedo-Garc\u00eda-768x512.jpg 768w, https:\/\/www.egibide.org\/file\/2018\/06\/20180620-75\u00ba-Egibide-Eduardo-Manzanedo-Garc\u00eda-1030x687.jpg 1030w, https:\/\/www.egibide.org\/file\/2018\/06\/20180620-75\u00ba-Egibide-Eduardo-Manzanedo-Garc\u00eda-1500x1000.jpg 1500w, https:\/\/www.egibide.org\/file\/2018\/06\/20180620-75\u00ba-Egibide-Eduardo-Manzanedo-Garc\u00eda-705x470.jpg 705w, https:\/\/www.egibide.org\/file\/2018\/06\/20180620-75\u00ba-Egibide-Eduardo-Manzanedo-Garc\u00eda-450x300.jpg 450w, https:\/\/www.egibide.org\/file\/2018\/06\/20180620-75\u00ba-Egibide-Eduardo-Manzanedo-Garc\u00eda-1320x880.jpg 1320w\" sizes=\"auto, (max-width: 300px) 100vw, 300px\" \/><\/p>\n<p><strong>EDUARDO MANZANEDO GARC\u00cdA<\/strong><br \/>\nEntreg\u00f3 el Presidente de Fundaci\u00f3n Vital y vicepresidente tercero del Patronato Fundaci\u00f3n Diocesanas-Jes\u00fas Obrero Fundazioa, Jon Urresti<\/p>\n<p><img loading=\"lazy\" decoding=\"async\" class=\"alignnone size-medium wp-image-23732\" src=\"https:\/\/www.egibide.org\/file\/2018\/06\/20180620-75\u00ba-Egibide-Felisa-Sanz-Balb\u00e1s-300x200.jpg\" alt=\"\" width=\"300\" height=\"200\" srcset=\"https:\/\/www.egibide.org\/file\/2018\/06\/20180620-75\u00ba-Egibide-Felisa-Sanz-Balb\u00e1s-300x200.jpg 300w, https:\/\/www.egibide.org\/file\/2018\/06\/20180620-75\u00ba-Egibide-Felisa-Sanz-Balb\u00e1s-768x512.jpg 768w, https:\/\/www.egibide.org\/file\/2018\/06\/20180620-75\u00ba-Egibide-Felisa-Sanz-Balb\u00e1s-1030x687.jpg 1030w, https:\/\/www.egibide.org\/file\/2018\/06\/20180620-75\u00ba-Egibide-Felisa-Sanz-Balb\u00e1s-1500x1000.jpg 1500w, https:\/\/www.egibide.org\/file\/2018\/06\/20180620-75\u00ba-Egibide-Felisa-Sanz-Balb\u00e1s-705x470.jpg 705w, https:\/\/www.egibide.org\/file\/2018\/06\/20180620-75\u00ba-Egibide-Felisa-Sanz-Balb\u00e1s-450x300.jpg 450w, https:\/\/www.egibide.org\/file\/2018\/06\/20180620-75\u00ba-Egibide-Felisa-Sanz-Balb\u00e1s-1320x880.jpg 1320w\" sizes=\"auto, (max-width: 300px) 100vw, 300px\" \/><\/p>\n<p><strong>FELISA S\u00c1NZ BALB\u00c1S<\/strong><br \/>\nEntreg\u00f3 el representante de la Compa\u00f1\u00eda de Jes\u00fas y vicepresidente primero del Patronato Fundaci\u00f3n Diocesanas-Jes\u00fas Obrero Fundazioa, Vicente Marcuello<\/p>\n<p><img loading=\"lazy\" decoding=\"async\" class=\"alignnone size-medium wp-image-23734\" src=\"https:\/\/www.egibide.org\/file\/2018\/06\/20180620-75\u00ba-Egibide-Jes\u00fas-Mart\u00ednez-de-Lagos-Mar\u00edn-300x200.jpg\" alt=\"\" width=\"300\" height=\"200\" srcset=\"https:\/\/www.egibide.org\/file\/2018\/06\/20180620-75\u00ba-Egibide-Jes\u00fas-Mart\u00ednez-de-Lagos-Mar\u00edn-300x200.jpg 300w, https:\/\/www.egibide.org\/file\/2018\/06\/20180620-75\u00ba-Egibide-Jes\u00fas-Mart\u00ednez-de-Lagos-Mar\u00edn-768x512.jpg 768w, https:\/\/www.egibide.org\/file\/2018\/06\/20180620-75\u00ba-Egibide-Jes\u00fas-Mart\u00ednez-de-Lagos-Mar\u00edn-1030x687.jpg 1030w, https:\/\/www.egibide.org\/file\/2018\/06\/20180620-75\u00ba-Egibide-Jes\u00fas-Mart\u00ednez-de-Lagos-Mar\u00edn-1500x1000.jpg 1500w, https:\/\/www.egibide.org\/file\/2018\/06\/20180620-75\u00ba-Egibide-Jes\u00fas-Mart\u00ednez-de-Lagos-Mar\u00edn-705x470.jpg 705w, https:\/\/www.egibide.org\/file\/2018\/06\/20180620-75\u00ba-Egibide-Jes\u00fas-Mart\u00ednez-de-Lagos-Mar\u00edn-450x300.jpg 450w, https:\/\/www.egibide.org\/file\/2018\/06\/20180620-75\u00ba-Egibide-Jes\u00fas-Mart\u00ednez-de-Lagos-Mar\u00edn-1320x880.jpg 1320w\" sizes=\"auto, (max-width: 300px) 100vw, 300px\" \/><\/p>\n<p><strong>JES\u00daS MART\u00cdNEZ DE LAGOS MAR\u00cdN<\/strong><br \/>\nEntrega el Obispo de Vitoria y presidente del Patronato Fundaci\u00f3n Diocesanas-Jes\u00fas Obrero Fundazioa, Juan Carlos Elizalde<\/p>\n<p><img loading=\"lazy\" decoding=\"async\" class=\"alignnone size-medium wp-image-23730\" src=\"https:\/\/www.egibide.org\/file\/2018\/06\/20180620-75\u00ba-Egibide-El\u00edas-Ruiz-de-Arechavaleta-Villarreal-300x200.jpg\" alt=\"\" width=\"300\" height=\"200\" srcset=\"https:\/\/www.egibide.org\/file\/2018\/06\/20180620-75\u00ba-Egibide-El\u00edas-Ruiz-de-Arechavaleta-Villarreal-300x200.jpg 300w, https:\/\/www.egibide.org\/file\/2018\/06\/20180620-75\u00ba-Egibide-El\u00edas-Ruiz-de-Arechavaleta-Villarreal-768x512.jpg 768w, https:\/\/www.egibide.org\/file\/2018\/06\/20180620-75\u00ba-Egibide-El\u00edas-Ruiz-de-Arechavaleta-Villarreal-1030x687.jpg 1030w, https:\/\/www.egibide.org\/file\/2018\/06\/20180620-75\u00ba-Egibide-El\u00edas-Ruiz-de-Arechavaleta-Villarreal-1500x1000.jpg 1500w, https:\/\/www.egibide.org\/file\/2018\/06\/20180620-75\u00ba-Egibide-El\u00edas-Ruiz-de-Arechavaleta-Villarreal-705x470.jpg 705w, https:\/\/www.egibide.org\/file\/2018\/06\/20180620-75\u00ba-Egibide-El\u00edas-Ruiz-de-Arechavaleta-Villarreal-450x300.jpg 450w, https:\/\/www.egibide.org\/file\/2018\/06\/20180620-75\u00ba-Egibide-El\u00edas-Ruiz-de-Arechavaleta-Villarreal-1320x880.jpg 1320w\" sizes=\"auto, (max-width: 300px) 100vw, 300px\" \/><\/p>\n<p><b>EL\u00cdAS RUIZ DE ARECHAVALETA VILLARREAL<\/b><br \/>\nEntrega el Diputado General de Alava y vicepresidente segundo del Patronato Fundaci\u00f3n Diocesanas-Jes\u00fas Obrero Fundazioa, Ramiro Gonz\u00e1lez<\/p>\n<\/div><\/section>\n","protected":false},"excerpt":{"rendered":"","protected":false},"author":37,"featured_media":0,"comment_status":"closed","ping_status":"closed","sticky":false,"template":"","format":"standard","meta":{"_acf_changed":false,"footnotes":""},"categories":[2,220],"tags":[],"class_list":["post-24213","post","type-post","status-publish","format-standard","hentry","category-general-eu","category-mendizorrotza-eu"],"acf":{"crea_menu_visual_oferta_educativa":null},"yoast_head":"<!-- This site is optimized with the Yoast SEO plugin v27.0 - https:\/\/yoast.com\/product\/yoast-seo-wordpress\/ -->\n<title>75. urteurrenaren amaierako ekitaldia: Diocesanas-Jesus Obrero Esker Onak - egibide.org<\/title>\n<meta name=\"robots\" content=\"index, follow, max-snippet:-1, max-image-preview:large, max-video-preview:-1\" \/>\n<link rel=\"canonical\" href=\"https:\/\/www.egibide.org\/eu\/75-urteurrenaren-amaierako-ekitaldia-diocesanas-jesus-obrero-esker-onak\/\" \/>\n<meta property=\"og:locale\" content=\"eu_ES\" \/>\n<meta property=\"og:type\" content=\"article\" \/>\n<meta property=\"og:title\" content=\"75. urteurrenaren amaierako ekitaldia: Diocesanas-Jesus Obrero Esker Onak - egibide.org\" \/>\n<meta property=\"og:url\" content=\"https:\/\/www.egibide.org\/eu\/75-urteurrenaren-amaierako-ekitaldia-diocesanas-jesus-obrero-esker-onak\/\" \/>\n<meta property=\"og:site_name\" content=\"egibide.org\" \/>\n<meta property=\"article:publisher\" content=\"https:\/\/www.facebook.com\/Egibide\/\" \/>\n<meta property=\"article:published_time\" content=\"2018-06-29T06:32:59+00:00\" \/>\n<meta property=\"article:modified_time\" content=\"2018-07-24T12:29:35+00:00\" \/>\n<meta name=\"author\" content=\"Aitor\" \/>\n<script type=\"application\/ld+json\" class=\"yoast-schema-graph\">{\"@context\":\"https:\/\/schema.org\",\"@graph\":[{\"@type\":\"Article\",\"@id\":\"https:\/\/www.egibide.org\/eu\/75-urteurrenaren-amaierako-ekitaldia-diocesanas-jesus-obrero-esker-onak\/#article\",\"isPartOf\":{\"@id\":\"https:\/\/www.egibide.org\/eu\/75-urteurrenaren-amaierako-ekitaldia-diocesanas-jesus-obrero-esker-onak\/\"},\"author\":{\"name\":\"Aitor\",\"@id\":\"https:\/\/www.egibide.org\/#\/schema\/person\/358dedb23bb7184fc0741df22e2a1c14\"},\"headline\":\"75. urteurrenaren amaierako ekitaldia: Diocesanas-Jesus Obrero Esker Onak\",\"datePublished\":\"2018-06-29T06:32:59+00:00\",\"dateModified\":\"2018-07-24T12:29:35+00:00\",\"mainEntityOfPage\":{\"@id\":\"https:\/\/www.egibide.org\/eu\/75-urteurrenaren-amaierako-ekitaldia-diocesanas-jesus-obrero-esker-onak\/\"},\"wordCount\":626,\"publisher\":{\"@id\":\"https:\/\/www.egibide.org\/#organization\"},\"articleSection\":[\"General\",\"Mendizorrotza\"],\"inLanguage\":\"eu-ES\"},{\"@type\":\"WebPage\",\"@id\":\"https:\/\/www.egibide.org\/eu\/75-urteurrenaren-amaierako-ekitaldia-diocesanas-jesus-obrero-esker-onak\/\",\"url\":\"https:\/\/www.egibide.org\/eu\/75-urteurrenaren-amaierako-ekitaldia-diocesanas-jesus-obrero-esker-onak\/\",\"name\":\"75. urteurrenaren amaierako ekitaldia: Diocesanas-Jesus Obrero Esker Onak - egibide.org\",\"isPartOf\":{\"@id\":\"https:\/\/www.egibide.org\/#website\"},\"datePublished\":\"2018-06-29T06:32:59+00:00\",\"dateModified\":\"2018-07-24T12:29:35+00:00\",\"inLanguage\":\"eu-ES\",\"potentialAction\":[{\"@type\":\"ReadAction\",\"target\":[\"https:\/\/www.egibide.org\/eu\/75-urteurrenaren-amaierako-ekitaldia-diocesanas-jesus-obrero-esker-onak\/\"]}]},{\"@type\":\"WebSite\",\"@id\":\"https:\/\/www.egibide.org\/#website\",\"url\":\"https:\/\/www.egibide.org\/\",\"name\":\"egibide.org\",\"description\":\"Educaci\u00f3n Secundaria y Formaci\u00f3n Profesional\",\"publisher\":{\"@id\":\"https:\/\/www.egibide.org\/#organization\"},\"potentialAction\":[{\"@type\":\"SearchAction\",\"target\":{\"@type\":\"EntryPoint\",\"urlTemplate\":\"https:\/\/www.egibide.org\/?s={search_term_string}\"},\"query-input\":{\"@type\":\"PropertyValueSpecification\",\"valueRequired\":true,\"valueName\":\"search_term_string\"}}],\"inLanguage\":\"eu-ES\"},{\"@type\":\"Organization\",\"@id\":\"https:\/\/www.egibide.org\/#organization\",\"name\":\"Egibide\",\"url\":\"https:\/\/www.egibide.org\/\",\"logo\":{\"@type\":\"ImageObject\",\"inLanguage\":\"eu-ES\",\"@id\":\"https:\/\/www.egibide.org\/#\/schema\/logo\/image\/\",\"url\":\"https:\/\/www.egibide.org\/file\/2019\/07\/logo_egibide_cuadrado-copia.jpg\",\"contentUrl\":\"https:\/\/www.egibide.org\/file\/2019\/07\/logo_egibide_cuadrado-copia.jpg\",\"width\":1696,\"height\":701,\"caption\":\"Egibide\"},\"image\":{\"@id\":\"https:\/\/www.egibide.org\/#\/schema\/logo\/image\/\"},\"sameAs\":[\"https:\/\/www.facebook.com\/Egibide\/\",\"https:\/\/x.com\/egibide\",\"https:\/\/www.youtube.com\/user\/Egibide\"]},{\"@type\":\"Person\",\"@id\":\"https:\/\/www.egibide.org\/#\/schema\/person\/358dedb23bb7184fc0741df22e2a1c14\",\"name\":\"Aitor\",\"image\":{\"@type\":\"ImageObject\",\"inLanguage\":\"eu-ES\",\"@id\":\"https:\/\/www.egibide.org\/#\/schema\/person\/image\/\",\"url\":\"https:\/\/secure.gravatar.com\/avatar\/ea8e821d3e0e4ffd530053251ad29e3a5ae9c7f40db58248bc56cb5075379ba3?s=96&d=mm&r=g\",\"contentUrl\":\"https:\/\/secure.gravatar.com\/avatar\/ea8e821d3e0e4ffd530053251ad29e3a5ae9c7f40db58248bc56cb5075379ba3?s=96&d=mm&r=g\",\"caption\":\"Aitor\"}}]}<\/script>\n<!-- \/ Yoast SEO plugin. -->","yoast_head_json":{"title":"75. urteurrenaren amaierako ekitaldia: Diocesanas-Jesus Obrero Esker Onak - egibide.org","robots":{"index":"index","follow":"follow","max-snippet":"max-snippet:-1","max-image-preview":"max-image-preview:large","max-video-preview":"max-video-preview:-1"},"canonical":"https:\/\/www.egibide.org\/eu\/75-urteurrenaren-amaierako-ekitaldia-diocesanas-jesus-obrero-esker-onak\/","og_locale":"eu_ES","og_type":"article","og_title":"75. urteurrenaren amaierako ekitaldia: Diocesanas-Jesus Obrero Esker Onak - egibide.org","og_url":"https:\/\/www.egibide.org\/eu\/75-urteurrenaren-amaierako-ekitaldia-diocesanas-jesus-obrero-esker-onak\/","og_site_name":"egibide.org","article_publisher":"https:\/\/www.facebook.com\/Egibide\/","article_published_time":"2018-06-29T06:32:59+00:00","article_modified_time":"2018-07-24T12:29:35+00:00","author":"Aitor","schema":{"@context":"https:\/\/schema.org","@graph":[{"@type":"Article","@id":"https:\/\/www.egibide.org\/eu\/75-urteurrenaren-amaierako-ekitaldia-diocesanas-jesus-obrero-esker-onak\/#article","isPartOf":{"@id":"https:\/\/www.egibide.org\/eu\/75-urteurrenaren-amaierako-ekitaldia-diocesanas-jesus-obrero-esker-onak\/"},"author":{"name":"Aitor","@id":"https:\/\/www.egibide.org\/#\/schema\/person\/358dedb23bb7184fc0741df22e2a1c14"},"headline":"75. urteurrenaren amaierako ekitaldia: Diocesanas-Jesus Obrero Esker Onak","datePublished":"2018-06-29T06:32:59+00:00","dateModified":"2018-07-24T12:29:35+00:00","mainEntityOfPage":{"@id":"https:\/\/www.egibide.org\/eu\/75-urteurrenaren-amaierako-ekitaldia-diocesanas-jesus-obrero-esker-onak\/"},"wordCount":626,"publisher":{"@id":"https:\/\/www.egibide.org\/#organization"},"articleSection":["General","Mendizorrotza"],"inLanguage":"eu-ES"},{"@type":"WebPage","@id":"https:\/\/www.egibide.org\/eu\/75-urteurrenaren-amaierako-ekitaldia-diocesanas-jesus-obrero-esker-onak\/","url":"https:\/\/www.egibide.org\/eu\/75-urteurrenaren-amaierako-ekitaldia-diocesanas-jesus-obrero-esker-onak\/","name":"75. urteurrenaren amaierako ekitaldia: Diocesanas-Jesus Obrero Esker Onak - egibide.org","isPartOf":{"@id":"https:\/\/www.egibide.org\/#website"},"datePublished":"2018-06-29T06:32:59+00:00","dateModified":"2018-07-24T12:29:35+00:00","inLanguage":"eu-ES","potentialAction":[{"@type":"ReadAction","target":["https:\/\/www.egibide.org\/eu\/75-urteurrenaren-amaierako-ekitaldia-diocesanas-jesus-obrero-esker-onak\/"]}]},{"@type":"WebSite","@id":"https:\/\/www.egibide.org\/#website","url":"https:\/\/www.egibide.org\/","name":"egibide.org","description":"Educaci\u00f3n Secundaria y Formaci\u00f3n Profesional","publisher":{"@id":"https:\/\/www.egibide.org\/#organization"},"potentialAction":[{"@type":"SearchAction","target":{"@type":"EntryPoint","urlTemplate":"https:\/\/www.egibide.org\/?s={search_term_string}"},"query-input":{"@type":"PropertyValueSpecification","valueRequired":true,"valueName":"search_term_string"}}],"inLanguage":"eu-ES"},{"@type":"Organization","@id":"https:\/\/www.egibide.org\/#organization","name":"Egibide","url":"https:\/\/www.egibide.org\/","logo":{"@type":"ImageObject","inLanguage":"eu-ES","@id":"https:\/\/www.egibide.org\/#\/schema\/logo\/image\/","url":"https:\/\/www.egibide.org\/file\/2019\/07\/logo_egibide_cuadrado-copia.jpg","contentUrl":"https:\/\/www.egibide.org\/file\/2019\/07\/logo_egibide_cuadrado-copia.jpg","width":1696,"height":701,"caption":"Egibide"},"image":{"@id":"https:\/\/www.egibide.org\/#\/schema\/logo\/image\/"},"sameAs":["https:\/\/www.facebook.com\/Egibide\/","https:\/\/x.com\/egibide","https:\/\/www.youtube.com\/user\/Egibide"]},{"@type":"Person","@id":"https:\/\/www.egibide.org\/#\/schema\/person\/358dedb23bb7184fc0741df22e2a1c14","name":"Aitor","image":{"@type":"ImageObject","inLanguage":"eu-ES","@id":"https:\/\/www.egibide.org\/#\/schema\/person\/image\/","url":"https:\/\/secure.gravatar.com\/avatar\/ea8e821d3e0e4ffd530053251ad29e3a5ae9c7f40db58248bc56cb5075379ba3?s=96&d=mm&r=g","contentUrl":"https:\/\/secure.gravatar.com\/avatar\/ea8e821d3e0e4ffd530053251ad29e3a5ae9c7f40db58248bc56cb5075379ba3?s=96&d=mm&r=g","caption":"Aitor"}}]}},"_links":{"self":[{"href":"https:\/\/www.egibide.org\/eu\/wp-json\/wp\/v2\/posts\/24213","targetHints":{"allow":["GET"]}}],"collection":[{"href":"https:\/\/www.egibide.org\/eu\/wp-json\/wp\/v2\/posts"}],"about":[{"href":"https:\/\/www.egibide.org\/eu\/wp-json\/wp\/v2\/types\/post"}],"author":[{"embeddable":true,"href":"https:\/\/www.egibide.org\/eu\/wp-json\/wp\/v2\/users\/37"}],"replies":[{"embeddable":true,"href":"https:\/\/www.egibide.org\/eu\/wp-json\/wp\/v2\/comments?post=24213"}],"version-history":[{"count":0,"href":"https:\/\/www.egibide.org\/eu\/wp-json\/wp\/v2\/posts\/24213\/revisions"}],"wp:attachment":[{"href":"https:\/\/www.egibide.org\/eu\/wp-json\/wp\/v2\/media?parent=24213"}],"wp:term":[{"taxonomy":"category","embeddable":true,"href":"https:\/\/www.egibide.org\/eu\/wp-json\/wp\/v2\/categories?post=24213"},{"taxonomy":"post_tag","embeddable":true,"href":"https:\/\/www.egibide.org\/eu\/wp-json\/wp\/v2\/tags?post=24213"}],"curies":[{"name":"wp","href":"https:\/\/api.w.org\/{rel}","templated":true}]}}