{"id":28516,"date":"2018-11-29T12:27:29","date_gmt":"2018-11-29T11:27:29","guid":{"rendered":"https:\/\/www.egibide.org\/inauguracion-de-la-fabrica-inteligente-4-0\/"},"modified":"2018-11-29T12:31:13","modified_gmt":"2018-11-29T11:31:13","slug":"inauguracion-de-la-fabrica-inteligente-4-0","status":"publish","type":"post","link":"https:\/\/www.egibide.org\/eu\/inauguracion-de-la-fabrica-inteligente-4-0\/","title":{"rendered":"4.0 Adimendun Fabrikaren inaugurazioa"},"content":{"rendered":"<div id=\"attachment_28509\" style=\"width: 1510px\" class=\"wp-caption alignnone\"><img loading=\"lazy\" decoding=\"async\" aria-describedby=\"caption-attachment-28509\" class=\"size-full wp-image-28509\" src=\"https:\/\/www.egibide.org\/file\/2018\/11\/deusto-egibide_arriaga_foto34.jpg\" alt=\"\" width=\"1500\" height=\"994\" srcset=\"https:\/\/www.egibide.org\/file\/2018\/11\/deusto-egibide_arriaga_foto34.jpg 1500w, https:\/\/www.egibide.org\/file\/2018\/11\/deusto-egibide_arriaga_foto34-768x509.jpg 768w, https:\/\/www.egibide.org\/file\/2018\/11\/deusto-egibide_arriaga_foto34-1030x683.jpg 1030w\" sizes=\"auto, (max-width: 1500px) 100vw, 1500px\" \/><p id=\"caption-attachment-28509\" class=\"wp-caption-text\">Vitoria &#8211; Gasteiz. Noviembre 2018. Deusto Egibide Arriaga. Foto: Nuria Gonz\u00e1lez<\/p><\/div>\n<p><strong>Ostiral honetan, azaroaren 30ean, 10:00etan,<\/strong>\u00a0 Egibide <strong>Deusto Arriaga Egoitzak<\/strong> hartuko du, 4.0 Adimendun Fabrikaren inaugurazioa Arabako Foru Aldundiaren, Egibideren eta Deustoren aldetik. Joan den irailean hasitako ikastaroa garatzen den ikasgeletara ikustaldi labur baten ondoren, Arabako Diputatu Nagusia, <strong>Ramiro Gonz\u00e1lez<\/strong>, Deustoko Unibertsitateko Errektorea, <strong>Jos\u00e9 Mar\u00eda Guibert<\/strong>, eta Fundaci\u00f3n Diocesanas-Jes\u00fas Obrero Fundazioraren Komisio Betearazlearen Lehendakaria, <strong>Diego Bande<\/strong>, hornikuntza aitzindari hau lehen eskuko ezagutzeari eta inauguratzeari ekingo diote.<\/p>\n","protected":false},"excerpt":{"rendered":"<p>Ostiral honetan, azaroaren 30ean, 10:00etan,\u00a0 Egibide Deusto Arriaga Egoitzak hartuko du, 4.0 Adimendun Fabrikaren inaugurazioa Arabako Foru Aldundiaren, Egibideren eta Deustoren aldetik. Joan den irailean hasitako ikastaroa garatzen den ikasgeletara ikustaldi labur baten ondoren, Arabako Diputatu Nagusia, Ramiro Gonz\u00e1lez, Deustoko Unibertsitateko Errektorea, Jos\u00e9 Mar\u00eda Guibert, eta Fundaci\u00f3n Diocesanas-Jes\u00fas Obrero Fundazioraren Komisio Betearazlearen Lehendakaria, Diego Bande, [&hellip;]<\/p>\n","protected":false},"author":37,"featured_media":28512,"comment_status":"closed","ping_status":"closed","sticky":false,"template":"","format":"standard","meta":{"_acf_changed":false,"footnotes":""},"categories":[2],"tags":[],"class_list":["post-28516","post","type-post","status-publish","format-standard","has-post-thumbnail","hentry","category-general-eu"],"acf":{"crea_menu_visual_oferta_educativa":null},"yoast_head":"<!-- This site is optimized with the Yoast SEO plugin v27.0 - https:\/\/yoast.com\/product\/yoast-seo-wordpress\/ -->\n<title>4.0 Adimendun Fabrikaren inaugurazioa - egibide.org<\/title>\n<meta name=\"robots\" content=\"index, follow, max-snippet:-1, max-image-preview:large, max-video-preview:-1\" \/>\n<link rel=\"canonical\" href=\"https:\/\/www.egibide.org\/eu\/inauguracion-de-la-fabrica-inteligente-4-0\/\" \/>\n<meta property=\"og:locale\" content=\"eu_ES\" \/>\n<meta property=\"og:type\" content=\"article\" \/>\n<meta property=\"og:title\" content=\"4.0 Adimendun Fabrikaren inaugurazioa - egibide.org\" \/>\n<meta property=\"og:description\" content=\"Ostiral honetan, azaroaren 30ean, 10:00etan,\u00a0 Egibide Deusto Arriaga Egoitzak hartuko du, 4.0 Adimendun Fabrikaren inaugurazioa Arabako Foru Aldundiaren, Egibideren eta Deustoren aldetik. Joan den irailean hasitako ikastaroa garatzen den ikasgeletara ikustaldi labur baten ondoren, Arabako Diputatu Nagusia, Ramiro Gonz\u00e1lez, Deustoko Unibertsitateko Errektorea, Jos\u00e9 Mar\u00eda Guibert, eta Fundaci\u00f3n Diocesanas-Jes\u00fas Obrero Fundazioraren Komisio Betearazlearen Lehendakaria, Diego Bande, [&hellip;]\" \/>\n<meta property=\"og:url\" content=\"https:\/\/www.egibide.org\/eu\/inauguracion-de-la-fabrica-inteligente-4-0\/\" \/>\n<meta property=\"og:site_name\" content=\"egibide.org\" \/>\n<meta property=\"article:publisher\" content=\"https:\/\/www.facebook.com\/Egibide\/\" \/>\n<meta property=\"article:published_time\" content=\"2018-11-29T11:27:29+00:00\" \/>\n<meta property=\"article:modified_time\" content=\"2018-11-29T11:31:13+00:00\" \/>\n<meta property=\"og:image\" content=\"https:\/\/www.egibide.org\/file\/2018\/11\/deusto-egibide_arriaga_foto01.jpg\" \/>\n\t<meta property=\"og:image:width\" content=\"1500\" \/>\n\t<meta property=\"og:image:height\" content=\"998\" \/>\n\t<meta property=\"og:image:type\" content=\"image\/jpeg\" \/>\n<meta name=\"author\" content=\"Aitor\" \/>\n<script type=\"application\/ld+json\" class=\"yoast-schema-graph\">{\"@context\":\"https:\/\/schema.org\",\"@graph\":[{\"@type\":\"Article\",\"@id\":\"https:\/\/www.egibide.org\/eu\/inauguracion-de-la-fabrica-inteligente-4-0\/#article\",\"isPartOf\":{\"@id\":\"https:\/\/www.egibide.org\/eu\/inauguracion-de-la-fabrica-inteligente-4-0\/\"},\"author\":{\"name\":\"Aitor\",\"@id\":\"https:\/\/www.egibide.org\/#\/schema\/person\/358dedb23bb7184fc0741df22e2a1c14\"},\"headline\":\"4.0 Adimendun Fabrikaren inaugurazioa\",\"datePublished\":\"2018-11-29T11:27:29+00:00\",\"dateModified\":\"2018-11-29T11:31:13+00:00\",\"mainEntityOfPage\":{\"@id\":\"https:\/\/www.egibide.org\/eu\/inauguracion-de-la-fabrica-inteligente-4-0\/\"},\"wordCount\":89,\"publisher\":{\"@id\":\"https:\/\/www.egibide.org\/#organization\"},\"image\":{\"@id\":\"https:\/\/www.egibide.org\/eu\/inauguracion-de-la-fabrica-inteligente-4-0\/#primaryimage\"},\"thumbnailUrl\":\"https:\/\/www.egibide.org\/file\/2018\/11\/deusto-egibide_arriaga_foto01.jpg\",\"articleSection\":[\"General\"],\"inLanguage\":\"eu-ES\"},{\"@type\":\"WebPage\",\"@id\":\"https:\/\/www.egibide.org\/eu\/inauguracion-de-la-fabrica-inteligente-4-0\/\",\"url\":\"https:\/\/www.egibide.org\/eu\/inauguracion-de-la-fabrica-inteligente-4-0\/\",\"name\":\"4.0 Adimendun Fabrikaren inaugurazioa - egibide.org\",\"isPartOf\":{\"@id\":\"https:\/\/www.egibide.org\/#website\"},\"primaryImageOfPage\":{\"@id\":\"https:\/\/www.egibide.org\/eu\/inauguracion-de-la-fabrica-inteligente-4-0\/#primaryimage\"},\"image\":{\"@id\":\"https:\/\/www.egibide.org\/eu\/inauguracion-de-la-fabrica-inteligente-4-0\/#primaryimage\"},\"thumbnailUrl\":\"https:\/\/www.egibide.org\/file\/2018\/11\/deusto-egibide_arriaga_foto01.jpg\",\"datePublished\":\"2018-11-29T11:27:29+00:00\",\"dateModified\":\"2018-11-29T11:31:13+00:00\",\"inLanguage\":\"eu-ES\",\"potentialAction\":[{\"@type\":\"ReadAction\",\"target\":[\"https:\/\/www.egibide.org\/eu\/inauguracion-de-la-fabrica-inteligente-4-0\/\"]}]},{\"@type\":\"ImageObject\",\"inLanguage\":\"eu-ES\",\"@id\":\"https:\/\/www.egibide.org\/eu\/inauguracion-de-la-fabrica-inteligente-4-0\/#primaryimage\",\"url\":\"https:\/\/www.egibide.org\/file\/2018\/11\/deusto-egibide_arriaga_foto01.jpg\",\"contentUrl\":\"https:\/\/www.egibide.org\/file\/2018\/11\/deusto-egibide_arriaga_foto01.jpg\",\"width\":1500,\"height\":998},{\"@type\":\"WebSite\",\"@id\":\"https:\/\/www.egibide.org\/#website\",\"url\":\"https:\/\/www.egibide.org\/\",\"name\":\"egibide.org\",\"description\":\"Educaci\u00f3n Secundaria y Formaci\u00f3n Profesional\",\"publisher\":{\"@id\":\"https:\/\/www.egibide.org\/#organization\"},\"potentialAction\":[{\"@type\":\"SearchAction\",\"target\":{\"@type\":\"EntryPoint\",\"urlTemplate\":\"https:\/\/www.egibide.org\/?s={search_term_string}\"},\"query-input\":{\"@type\":\"PropertyValueSpecification\",\"valueRequired\":true,\"valueName\":\"search_term_string\"}}],\"inLanguage\":\"eu-ES\"},{\"@type\":\"Organization\",\"@id\":\"https:\/\/www.egibide.org\/#organization\",\"name\":\"Egibide\",\"url\":\"https:\/\/www.egibide.org\/\",\"logo\":{\"@type\":\"ImageObject\",\"inLanguage\":\"eu-ES\",\"@id\":\"https:\/\/www.egibide.org\/#\/schema\/logo\/image\/\",\"url\":\"https:\/\/www.egibide.org\/file\/2019\/07\/logo_egibide_cuadrado-copia.jpg\",\"contentUrl\":\"https:\/\/www.egibide.org\/file\/2019\/07\/logo_egibide_cuadrado-copia.jpg\",\"width\":1696,\"height\":701,\"caption\":\"Egibide\"},\"image\":{\"@id\":\"https:\/\/www.egibide.org\/#\/schema\/logo\/image\/\"},\"sameAs\":[\"https:\/\/www.facebook.com\/Egibide\/\",\"https:\/\/x.com\/egibide\",\"https:\/\/www.youtube.com\/user\/Egibide\"]},{\"@type\":\"Person\",\"@id\":\"https:\/\/www.egibide.org\/#\/schema\/person\/358dedb23bb7184fc0741df22e2a1c14\",\"name\":\"Aitor\",\"image\":{\"@type\":\"ImageObject\",\"inLanguage\":\"eu-ES\",\"@id\":\"https:\/\/www.egibide.org\/#\/schema\/person\/image\/\",\"url\":\"https:\/\/secure.gravatar.com\/avatar\/ea8e821d3e0e4ffd530053251ad29e3a5ae9c7f40db58248bc56cb5075379ba3?s=96&d=mm&r=g\",\"contentUrl\":\"https:\/\/secure.gravatar.com\/avatar\/ea8e821d3e0e4ffd530053251ad29e3a5ae9c7f40db58248bc56cb5075379ba3?s=96&d=mm&r=g\",\"caption\":\"Aitor\"}}]}<\/script>\n<!-- \/ Yoast SEO plugin. -->","yoast_head_json":{"title":"4.0 Adimendun Fabrikaren inaugurazioa - egibide.org","robots":{"index":"index","follow":"follow","max-snippet":"max-snippet:-1","max-image-preview":"max-image-preview:large","max-video-preview":"max-video-preview:-1"},"canonical":"https:\/\/www.egibide.org\/eu\/inauguracion-de-la-fabrica-inteligente-4-0\/","og_locale":"eu_ES","og_type":"article","og_title":"4.0 Adimendun Fabrikaren inaugurazioa - egibide.org","og_description":"Ostiral honetan, azaroaren 30ean, 10:00etan,\u00a0 Egibide Deusto Arriaga Egoitzak hartuko du, 4.0 Adimendun Fabrikaren inaugurazioa Arabako Foru Aldundiaren, Egibideren eta Deustoren aldetik. Joan den irailean hasitako ikastaroa garatzen den ikasgeletara ikustaldi labur baten ondoren, Arabako Diputatu Nagusia, Ramiro Gonz\u00e1lez, Deustoko Unibertsitateko Errektorea, Jos\u00e9 Mar\u00eda Guibert, eta Fundaci\u00f3n Diocesanas-Jes\u00fas Obrero Fundazioraren Komisio Betearazlearen Lehendakaria, Diego Bande, [&hellip;]","og_url":"https:\/\/www.egibide.org\/eu\/inauguracion-de-la-fabrica-inteligente-4-0\/","og_site_name":"egibide.org","article_publisher":"https:\/\/www.facebook.com\/Egibide\/","article_published_time":"2018-11-29T11:27:29+00:00","article_modified_time":"2018-11-29T11:31:13+00:00","og_image":[{"width":1500,"height":998,"url":"https:\/\/www.egibide.org\/file\/2018\/11\/deusto-egibide_arriaga_foto01.jpg","type":"image\/jpeg"}],"author":"Aitor","schema":{"@context":"https:\/\/schema.org","@graph":[{"@type":"Article","@id":"https:\/\/www.egibide.org\/eu\/inauguracion-de-la-fabrica-inteligente-4-0\/#article","isPartOf":{"@id":"https:\/\/www.egibide.org\/eu\/inauguracion-de-la-fabrica-inteligente-4-0\/"},"author":{"name":"Aitor","@id":"https:\/\/www.egibide.org\/#\/schema\/person\/358dedb23bb7184fc0741df22e2a1c14"},"headline":"4.0 Adimendun Fabrikaren inaugurazioa","datePublished":"2018-11-29T11:27:29+00:00","dateModified":"2018-11-29T11:31:13+00:00","mainEntityOfPage":{"@id":"https:\/\/www.egibide.org\/eu\/inauguracion-de-la-fabrica-inteligente-4-0\/"},"wordCount":89,"publisher":{"@id":"https:\/\/www.egibide.org\/#organization"},"image":{"@id":"https:\/\/www.egibide.org\/eu\/inauguracion-de-la-fabrica-inteligente-4-0\/#primaryimage"},"thumbnailUrl":"https:\/\/www.egibide.org\/file\/2018\/11\/deusto-egibide_arriaga_foto01.jpg","articleSection":["General"],"inLanguage":"eu-ES"},{"@type":"WebPage","@id":"https:\/\/www.egibide.org\/eu\/inauguracion-de-la-fabrica-inteligente-4-0\/","url":"https:\/\/www.egibide.org\/eu\/inauguracion-de-la-fabrica-inteligente-4-0\/","name":"4.0 Adimendun Fabrikaren inaugurazioa - egibide.org","isPartOf":{"@id":"https:\/\/www.egibide.org\/#website"},"primaryImageOfPage":{"@id":"https:\/\/www.egibide.org\/eu\/inauguracion-de-la-fabrica-inteligente-4-0\/#primaryimage"},"image":{"@id":"https:\/\/www.egibide.org\/eu\/inauguracion-de-la-fabrica-inteligente-4-0\/#primaryimage"},"thumbnailUrl":"https:\/\/www.egibide.org\/file\/2018\/11\/deusto-egibide_arriaga_foto01.jpg","datePublished":"2018-11-29T11:27:29+00:00","dateModified":"2018-11-29T11:31:13+00:00","inLanguage":"eu-ES","potentialAction":[{"@type":"ReadAction","target":["https:\/\/www.egibide.org\/eu\/inauguracion-de-la-fabrica-inteligente-4-0\/"]}]},{"@type":"ImageObject","inLanguage":"eu-ES","@id":"https:\/\/www.egibide.org\/eu\/inauguracion-de-la-fabrica-inteligente-4-0\/#primaryimage","url":"https:\/\/www.egibide.org\/file\/2018\/11\/deusto-egibide_arriaga_foto01.jpg","contentUrl":"https:\/\/www.egibide.org\/file\/2018\/11\/deusto-egibide_arriaga_foto01.jpg","width":1500,"height":998},{"@type":"WebSite","@id":"https:\/\/www.egibide.org\/#website","url":"https:\/\/www.egibide.org\/","name":"egibide.org","description":"Educaci\u00f3n Secundaria y Formaci\u00f3n Profesional","publisher":{"@id":"https:\/\/www.egibide.org\/#organization"},"potentialAction":[{"@type":"SearchAction","target":{"@type":"EntryPoint","urlTemplate":"https:\/\/www.egibide.org\/?s={search_term_string}"},"query-input":{"@type":"PropertyValueSpecification","valueRequired":true,"valueName":"search_term_string"}}],"inLanguage":"eu-ES"},{"@type":"Organization","@id":"https:\/\/www.egibide.org\/#organization","name":"Egibide","url":"https:\/\/www.egibide.org\/","logo":{"@type":"ImageObject","inLanguage":"eu-ES","@id":"https:\/\/www.egibide.org\/#\/schema\/logo\/image\/","url":"https:\/\/www.egibide.org\/file\/2019\/07\/logo_egibide_cuadrado-copia.jpg","contentUrl":"https:\/\/www.egibide.org\/file\/2019\/07\/logo_egibide_cuadrado-copia.jpg","width":1696,"height":701,"caption":"Egibide"},"image":{"@id":"https:\/\/www.egibide.org\/#\/schema\/logo\/image\/"},"sameAs":["https:\/\/www.facebook.com\/Egibide\/","https:\/\/x.com\/egibide","https:\/\/www.youtube.com\/user\/Egibide"]},{"@type":"Person","@id":"https:\/\/www.egibide.org\/#\/schema\/person\/358dedb23bb7184fc0741df22e2a1c14","name":"Aitor","image":{"@type":"ImageObject","inLanguage":"eu-ES","@id":"https:\/\/www.egibide.org\/#\/schema\/person\/image\/","url":"https:\/\/secure.gravatar.com\/avatar\/ea8e821d3e0e4ffd530053251ad29e3a5ae9c7f40db58248bc56cb5075379ba3?s=96&d=mm&r=g","contentUrl":"https:\/\/secure.gravatar.com\/avatar\/ea8e821d3e0e4ffd530053251ad29e3a5ae9c7f40db58248bc56cb5075379ba3?s=96&d=mm&r=g","caption":"Aitor"}}]}},"_links":{"self":[{"href":"https:\/\/www.egibide.org\/eu\/wp-json\/wp\/v2\/posts\/28516","targetHints":{"allow":["GET"]}}],"collection":[{"href":"https:\/\/www.egibide.org\/eu\/wp-json\/wp\/v2\/posts"}],"about":[{"href":"https:\/\/www.egibide.org\/eu\/wp-json\/wp\/v2\/types\/post"}],"author":[{"embeddable":true,"href":"https:\/\/www.egibide.org\/eu\/wp-json\/wp\/v2\/users\/37"}],"replies":[{"embeddable":true,"href":"https:\/\/www.egibide.org\/eu\/wp-json\/wp\/v2\/comments?post=28516"}],"version-history":[{"count":0,"href":"https:\/\/www.egibide.org\/eu\/wp-json\/wp\/v2\/posts\/28516\/revisions"}],"wp:featuredmedia":[{"embeddable":true,"href":"https:\/\/www.egibide.org\/eu\/wp-json\/wp\/v2\/media\/28512"}],"wp:attachment":[{"href":"https:\/\/www.egibide.org\/eu\/wp-json\/wp\/v2\/media?parent=28516"}],"wp:term":[{"taxonomy":"category","embeddable":true,"href":"https:\/\/www.egibide.org\/eu\/wp-json\/wp\/v2\/categories?post=28516"},{"taxonomy":"post_tag","embeddable":true,"href":"https:\/\/www.egibide.org\/eu\/wp-json\/wp\/v2\/tags?post=28516"}],"curies":[{"name":"wp","href":"https:\/\/api.w.org\/{rel}","templated":true}]}}